{"id":31211,"date":"2025-08-16T00:06:08","date_gmt":"2025-08-16T00:06:08","guid":{"rendered":"https:\/\/www.europesays.com\/pt\/31211\/"},"modified":"2025-08-16T00:06:08","modified_gmt":"2025-08-16T00:06:08","slug":"as-paradas-importam-muito-para-mim-diz-mariah-carey","status":"publish","type":"post","link":"https:\/\/www.europesays.com\/pt\/31211\/","title":{"rendered":"&#8220;As paradas importam muito para mim&#8221;, diz Mariah Carey"},"content":{"rendered":"<p><a href=\"https:\/\/portalpopline.com.br\/tag\/mariah-carey\/\" target=\"_blank\" rel=\"noopener nofollow\"><strong>Mariah Carey<\/strong><\/a> deu sua opini\u00e3o sobre as paradas da Billboard em entrevista para o site da <a href=\"https:\/\/youtu.be\/zh-4Ic7X6uo\" target=\"_blank\" rel=\"noopener nofollow\">Pitchfork<\/a>. \u201cBem, elas importam muito para mim\u201d, disse a diva pop, que <a href=\"https:\/\/portalpopline.com.br\/5-recordes-mariah-carey-billboard-hot-100\/\" target=\"_blank\" rel=\"noopener nofollow\">det\u00e9m os recordes de cantora com mais m\u00fasicas no topo da Hot 100 (19)<\/a> e artista, independente do g\u00eanero, com mais semanas em 1\u00ba lugar (97 semanas). Ela tamb\u00e9m \u00e9 a \u00fanica artista da hist\u00f3ria a conseguir alcan\u00e7ar a lideran\u00e7a em 21 anos diferentes \u2013 uma prova de sua longevidade.<\/p>\n<p>\u201cEu diria que as paradas s\u00e3o subestimadas, porque nem todo mundo est\u00e1 neste mundo [da m\u00fasica]. \u00c0s vezes as m\u00fasicas s\u00e3o, tipo, literalmente subestimadas, porque as pessoas n\u00e3o as conhecem, e s\u00e3o cortes de \u00e1lbuns. E \u00e0s vezes \u00e9 tipo \u2018All I Want For Christmas Is You\u2019. \u00c0s vezes, n\u00e3o. Apenas uma vez. O que voc\u00ea diz? Superestimado? Subestimado? N\u00e3o sei, eu apenas fico feliz de ter isso\u201d, declarou a cantora, participando de um jogo em que tinha que dizer se algo era subestimado ou superestimado.<\/p>\n<p>Leia mais:<\/p>\n<p>\u201cAll I Want For Christmas Is You\u201d \u00e9 a m\u00fasica de vocal feminino com mais tempo no topo da Billboard Hot 100 (18 semanas). \u00c9 tamb\u00e9m a <strong>\u00fanica m\u00fasica da hist\u00f3ria a liderar a parada em sete anos seguidos.<\/strong> J\u00e1 \u00e9 sabido que o single chegar\u00e1 ao 1\u00ba lugar quando dezembro se aproxima. \u00c9 um cl\u00e1ssico do Natal norte-americano.<\/p>\n<p><img loading=\"lazy\" decoding=\"async\" aria-describedby=\"caption-attachment-994796\" class=\"size-full wp-image-994796\" src=\"data:image\/svg+xml,%3Csvg%20xmlns=\" http:=\"\" alt=\"&quot;As paradas importam muito para mim&quot;, diz Mariah Carey\" width=\"1200\" height=\"675\" data-lazy- data-lazy- data-lazy-src=\"https:\/\/www.europesays.com\/pt\/wp-content\/uploads\/2025\/08\/mariah-carey-paradas.jpg\"\/><\/p>\n<p id=\"caption-attachment-994796\" class=\"wp-caption-text\">(Foto: YouTube \/ Pitchfork)<\/p>\n<p>Al\u00e9m dos recordes na parada de singles, <strong>Mariah Carey<\/strong> colocou 18 \u00e1lbuns no Top 10 da Billboard 200 e seis deles no topo da parada. Em 1990, o disco <strong>\u201cMariah Carey\u201d<\/strong> passou 11 semanas em 1\u00ba lugar. O \u00faltimo n\u00ba1 dela neste ranking foi em 2008, com o <strong>\u201cE=MC2\u201d,<\/strong> que passou duas semanas no topo.<\/p>\n<p>Retorno de Mariah Carey \u00e0s paradas com m\u00fasica original<\/p>\n<p>Com o single \u201cTYPE DANGEROUS\u201d, lan\u00e7ado neste ano, <a href=\"https:\/\/portalpopline.com.br\/mariah-carey-emplaca-50a-musica-billboard-hot-100\/\" target=\"_blank\" rel=\"noopener nofollow\"><strong>Mariah Carey<\/strong> emplacou sua 50\u00aa m\u00fasica na Billboard Hot 100.<\/a> A m\u00fasica tamb\u00e9m alcan\u00e7ou o Top 10 na parada R&amp;B\/Hip-Hop Airplay, que mostra as m\u00fasicas deste segmento mais tocadas nas r\u00e1dios dos Estados Unidos.<\/p>\n<p>A m\u00fasica faz parte do \u00e1lbum<strong> \u201cHere for It All\u201d,<\/strong> o 16\u00ba da carreira de<strong> Mariah<\/strong>. O lan\u00e7amento est\u00e1 marcado para 26 de setembro.<\/p>\n<p><img loading=\"lazy\" decoding=\"async\" aria-describedby=\"caption-attachment-992316\" class=\"size-full wp-image-992316\" src=\"data:image\/svg+xml,%3Csvg%20xmlns=\" http:=\"\" alt=\"&quot;MC16&quot;: Mariah Carey divulga t\u00edtulo, capa, teaser e data de lan\u00e7amento de \u00e1lbum novo\" width=\"888\" height=\"906\" data-lazy- data-lazy- data-lazy-src=\"https:\/\/www.europesays.com\/pt\/wp-content\/uploads\/2025\/08\/mariah-carey-capa-mc16-here-for-it-all.jpg\"\/><\/p>\n<p id=\"caption-attachment-992316\" class=\"wp-caption-text\">(Foto: Divulga\u00e7\u00e3o)<\/p>\n","protected":false},"excerpt":{"rendered":"Mariah Carey deu sua opini\u00e3o sobre as paradas da Billboard em entrevista para o site da Pitchfork. \u201cBem,&hellip;\n","protected":false},"author":2,"featured_media":31212,"comment_status":"","ping_status":"","sticky":false,"template":"","format":"standard","meta":{"footnotes":""},"categories":[141],"tags":[1678,10205,1679,6582,114,115,272,149,150,6586,571,32,33],"class_list":{"0":"post-31211","1":"post","2":"type-post","3":"status-publish","4":"format-standard","5":"has-post-thumbnail","7":"category-musica","8":"tag-billboard","9":"tag-billboard-200","10":"tag-billboard-hot-100","11":"tag-charts","12":"tag-entertainment","13":"tag-entretenimento","14":"tag-mariah-carey","15":"tag-music","16":"tag-musica","17":"tag-paradas","18":"tag-plantao","19":"tag-portugal","20":"tag-pt"},"share_on_mastodon":{"url":"","error":""},"_links":{"self":[{"href":"https:\/\/www.europesays.com\/pt\/wp-json\/wp\/v2\/posts\/31211","targetHints":{"allow":["GET"]}}],"collection":[{"href":"https:\/\/www.europesays.com\/pt\/wp-json\/wp\/v2\/posts"}],"about":[{"href":"https:\/\/www.europesays.com\/pt\/wp-json\/wp\/v2\/types\/post"}],"author":[{"embeddable":true,"href":"https:\/\/www.europesays.com\/pt\/wp-json\/wp\/v2\/users\/2"}],"replies":[{"embeddable":true,"href":"https:\/\/www.europesays.com\/pt\/wp-json\/wp\/v2\/comments?post=31211"}],"version-history":[{"count":0,"href":"https:\/\/www.europesays.com\/pt\/wp-json\/wp\/v2\/posts\/31211\/revisions"}],"wp:featuredmedia":[{"embeddable":true,"href":"https:\/\/www.europesays.com\/pt\/wp-json\/wp\/v2\/media\/31212"}],"wp:attachment":[{"href":"https:\/\/www.europesays.com\/pt\/wp-json\/wp\/v2\/media?parent=31211"}],"wp:term":[{"taxonomy":"category","embeddable":true,"href":"https:\/\/www.europesays.com\/pt\/wp-json\/wp\/v2\/categories?post=31211"},{"taxonomy":"post_tag","embeddable":true,"href":"https:\/\/www.europesays.com\/pt\/wp-json\/wp\/v2\/tags?post=31211"}],"curies":[{"name":"wp","href":"https:\/\/api.w.org\/{rel}","templated":true}]}}