{"id":31221,"date":"2025-08-16T00:16:09","date_gmt":"2025-08-16T00:16:09","guid":{"rendered":"https:\/\/www.europesays.com\/pt\/31221\/"},"modified":"2025-08-16T00:16:09","modified_gmt":"2025-08-16T00:16:09","slug":"vera-fischer-surge-loirissima-e-exibe-novo-visual-em-fotos-no-instagram-diva-folha-vitoria","status":"publish","type":"post","link":"https:\/\/www.europesays.com\/pt\/31221\/","title":{"rendered":"Vera Fischer surge loir\u00edssima e exibe novo visual em fotos no Instagram: &quot;Diva&quot; &#8211; Folha Vit\u00f3ria"},"content":{"rendered":"<ol>\n<li><a href=\"https:\/\/news.google.com\/rss\/articles\/CBMisgFBVV95cUxNOHlJdkdyUUJDeHZPbGFnQ2Y4SXZ6VzVfYkduR3hVRHRaRnRERlNPOWJiQlJjNWF3RGgxWURzZU5WZzVRUFZYcHlHTmdGMXhGV19PQWducjJlU1BKT1Uya3VhNFZUVUhDRDlUY2U2ZVBvX3lXZTluUFVwd1hkbTI1MWdfWmxyRjYtdnZsNGNYS2hycF9tXzQxV0JlNTdfVG44b3dHdmJDQ1ZoU0V6eFotSEpR?oc=5\" target=\"_blank\" rel=\"nofollow noopener\">Vera Fischer surge loir\u00edssima e exibe novo visual em fotos no Instagram: &#8220;Diva&#8221;<\/a>&nbsp;&nbsp;Folha Vit\u00f3ria<\/li>\n<li><a href=\"https:\/\/news.google.com\/rss\/articles\/CBMiyAFBVV95cUxQVi1PQnNMUjZwVjZxVmRmWW5jemswY0tKM1hsZlJBS3pIT3hSV2ZWRG12bGt0WFZ2NDRQTVE1cS0wU1RCZFRfQTFUbmJVd1lQOVh0R2tXV1NSOFJKbFI3eFBSVHRpWXVrTmZZTVNlRVpIMXdfRkFwOTRYcXZOSGJvOHVZbWVDUXd3am9lZ3ZBR21MSzJEU0JkekczeTZwWDB0bXlIbGx4YWF3cnZqQm5hYXl6ZjNLdGhvaS0ta2lJeEZ3WkpjMi1LadIB1wFBVV95cUxPLWlpZ1IzYTBQVWJUUmR1cG92dDZwbmExUnlDeXFNUlY2VzFZeGJ5RkdoLUhQMWFjNkMxanNXWE9vbGpLT0o0N3RnTk5rSTVzUjFnQUJoQzJOTDA2eTFadWo4ZEtDSkUwMlRzdTB4cklkamNIa2d1dGhacVNGaW1POXhuMnpmSThrTmloZzludnpWb0k3RHR5Mmloa1VTc3RjOWFQaDlCRXd2U2FvcWpUSWE3Uk11T3FDOHF5cHFvYXBsQ3hUX3ZQS3BwUFlDa2FMNld1VzNNQQ?oc=5\" target=\"_blank\" rel=\"nofollow noopener\">Vera Fischer surge com cabel\u00e3o e pede opini\u00e3o dos f\u00e3s: &#8216;Louca pra cortar&#8217;<\/a>&nbsp;&nbsp;Globo<\/li>\n<li><a href=\"https:\/\/news.google.com\/rss\/articles\/CBMixAFBVV95cUxQSXNfa2s4ZTR2cDVTRjR2OE1OVEJHNjk0Ni1kTGdLZ0tRa2FLZnVXOHU0WURlMFAxMF9CZTExMGF6Rk5UcGZycVM3R3EyOG5adXh4QUkwc3FQRUljdVhKNEM0TkdpNlFRVVg1bmZ0ODdmQ0tzYnFoZlB5NE1IUEhHdFVSSXNxQUdTYzBWOHBSQUNRMkZQdnE0Nm5PSVBaVmp6OVpBbTNlLWdmRjFfVW8wWkJrenhhWVZwSklRWFpzdUVodlEz?oc=5\" target=\"_blank\" rel=\"nofollow noopener\">Vera Fischer surge loir\u00edssima e exibe novo visual em fotos: \u201cDiva\u201d<\/a>&nbsp;&nbsp;R7<\/li>\n<li><a href=\"https:\/\/news.google.com\/rss\/articles\/CBMitgFBVV95cUxOSGVmbzRXOWxaTUFaTkZyVWNEa3BzT05jTzc1T0JSd00zOGVBNXFXb1UxU0RPUXFMWWNobk9IZ0Zjd2dxSThIcUZTdVhEdUNEa0R1aEcxUk1mR3dxMVVYcnA3Z1VwREZKNFRxUG9hN0kwbkt4ZDM0SE53bm1NVU9jLW13WWs4WlRTNGJtMUdKc0h0b1VJX3ZQb3ZscXFJRllveHNBTUozTFhBRV9GSDdIVW5HclVyd9IBuwFBVV95cUxPUnI1b1B3OGJ3cVZZOUV3MVBrN1hzREFGLWpoTWI3TWVzNWdfTHIzel9KR1BSRHlTTWFoQTRrR0Q0RHUxVy1OUDU0Z0NMNFhUN3RaOWw3RDBmenBDd3FZUFFPX0hoWGRjc3lIWlhZLWt2SGF4MDc5d0RfMU9EdzNjS1dBdWFSVmxEa3pvZ0djLVZLTVlSSWFSNW5DMHI0NThKcUhWNzhaY0pCUnRGMTdwMTVMOXc3c01wZ01j?oc=5\" target=\"_blank\" rel=\"nofollow noopener\">Vera Fischer corta cabelo e aposta em novo visual<\/a>&nbsp;&nbsp;O Dia<\/li>\n<li><a href=\"https:\/\/news.google.com\/rss\/articles\/CBMioAFBVV95cUxObDRYWWVrMFZXanR1a0hxV2JhQ1F1XzVxMkQyZW9NcTlwUUdlVHNMUUptaXJIY0syNTZTcVI3emVkOHk1Yzl0V2h6ckZERS1BT291WDBKTk84UW05TWZXS2hOU3p4U0NfSU9fYzNjajl2N2FMQ1o5cDBDcFBxYWlrU0xiSm1PQ0UwZ2pYRXVCdmh6WjRYcVdoUDdhbXdubHBl?oc=5\" target=\"_blank\" rel=\"nofollow noopener\">Vera Fischer muda de visual e f\u00e3s elogiam: &#8220;Deslumbrante&#8221;<\/a>&nbsp;&nbsp;CNN Brasil<\/li>\n<\/ol>\n","protected":false},"excerpt":{"rendered":"Vera Fischer surge loir\u00edssima e exibe novo visual em fotos no Instagram: &#8220;Diva&#8221;&nbsp;&nbsp;Folha Vit\u00f3ria Vera Fischer surge com&hellip;\n","protected":false},"author":2,"featured_media":31222,"comment_status":"","ping_status":"","sticky":false,"template":"","format":"standard","meta":{"footnotes":""},"categories":[145],"tags":[211,210,114,115,980,1015,3232,32,33,10206],"class_list":{"0":"post-31221","1":"post","2":"type-post","3":"status-publish","4":"format-standard","5":"has-post-thumbnail","7":"category-celebridades","8":"tag-celebridades","9":"tag-celebrities","10":"tag-entertainment","11":"tag-entretenimento","12":"tag-famosos","13":"tag-instagram","14":"tag-pedro-permuy","15":"tag-portugal","16":"tag-pt","17":"tag-vera-fischer"},"share_on_mastodon":{"url":"","error":""},"_links":{"self":[{"href":"https:\/\/www.europesays.com\/pt\/wp-json\/wp\/v2\/posts\/31221","targetHints":{"allow":["GET"]}}],"collection":[{"href":"https:\/\/www.europesays.com\/pt\/wp-json\/wp\/v2\/posts"}],"about":[{"href":"https:\/\/www.europesays.com\/pt\/wp-json\/wp\/v2\/types\/post"}],"author":[{"embeddable":true,"href":"https:\/\/www.europesays.com\/pt\/wp-json\/wp\/v2\/users\/2"}],"replies":[{"embeddable":true,"href":"https:\/\/www.europesays.com\/pt\/wp-json\/wp\/v2\/comments?post=31221"}],"version-history":[{"count":0,"href":"https:\/\/www.europesays.com\/pt\/wp-json\/wp\/v2\/posts\/31221\/revisions"}],"wp:featuredmedia":[{"embeddable":true,"href":"https:\/\/www.europesays.com\/pt\/wp-json\/wp\/v2\/media\/31222"}],"wp:attachment":[{"href":"https:\/\/www.europesays.com\/pt\/wp-json\/wp\/v2\/media?parent=31221"}],"wp:term":[{"taxonomy":"category","embeddable":true,"href":"https:\/\/www.europesays.com\/pt\/wp-json\/wp\/v2\/categories?post=31221"},{"taxonomy":"post_tag","embeddable":true,"href":"https:\/\/www.europesays.com\/pt\/wp-json\/wp\/v2\/tags?post=31221"}],"curies":[{"name":"wp","href":"https:\/\/api.w.org\/{rel}","templated":true}]}}