{"id":31243,"date":"2025-08-16T00:36:11","date_gmt":"2025-08-16T00:36:11","guid":{"rendered":"https:\/\/www.europesays.com\/pt\/31243\/"},"modified":"2025-08-16T00:36:11","modified_gmt":"2025-08-16T00:36:11","slug":"oficial-coman-e-reforco-do-al-nassr-ate-2028","status":"publish","type":"post","link":"https:\/\/www.europesays.com\/pt\/31243\/","title":{"rendered":"OFICIAL: Coman \u00e9 refor\u00e7o do Al Nassr at\u00e9 2028"},"content":{"rendered":"<p>O Al Nassr anunciou esta sexta-feira a contrata\u00e7\u00e3o de\u00a0Kingsley Coman at\u00e9 2028.<\/p>\n<p>O jogador franc\u00eas junta-se a Ronaldo, Ot\u00e1vio e Jesus no clube saudita depois de 10 temporadas nos alem\u00e3es do Bayern Munique.<\/p>\n<p>Na \u00faltima temporada, Coman foi op\u00e7\u00e3o em 45 jogos tendo marcado por nove ocasi\u00f5es e assistido por cinco vezes.<\/p>\n<p>Coman venceu todos os campeonatos nacionais nos clubes que representou: PSG, Juventus e por \u00faltimo, a forma\u00e7\u00e3o b\u00e1vara.<\/p>\n<p>(Artigo atualizado \u00e0s 20h54)<\/p>\n","protected":false},"excerpt":{"rendered":"O Al Nassr anunciou esta sexta-feira a contrata\u00e7\u00e3o de\u00a0Kingsley Coman at\u00e9 2028. O jogador franc\u00eas junta-se a Ronaldo,&hellip;\n","protected":false},"author":2,"featured_media":31244,"comment_status":"","ping_status":"","sticky":false,"template":"","format":"standard","meta":{"footnotes":""},"categories":[87],"tags":[685,1145,135,7963,46,42,32,33,47,134,35],"class_list":{"0":"post-31243","1":"post","2":"type-post","3":"status-publish","4":"format-standard","5":"has-post-thumbnail","7":"category-desporto","8":"tag-al-nassr","9":"tag-arabia-saudita","10":"tag-desporto","11":"tag-kingsley-coman","12":"tag-maisfutebol","13":"tag-mercado","14":"tag-portugal","15":"tag-pt","16":"tag-pura-paixao","17":"tag-sports","18":"tag-transferencias"},"share_on_mastodon":{"url":"","error":""},"_links":{"self":[{"href":"https:\/\/www.europesays.com\/pt\/wp-json\/wp\/v2\/posts\/31243","targetHints":{"allow":["GET"]}}],"collection":[{"href":"https:\/\/www.europesays.com\/pt\/wp-json\/wp\/v2\/posts"}],"about":[{"href":"https:\/\/www.europesays.com\/pt\/wp-json\/wp\/v2\/types\/post"}],"author":[{"embeddable":true,"href":"https:\/\/www.europesays.com\/pt\/wp-json\/wp\/v2\/users\/2"}],"replies":[{"embeddable":true,"href":"https:\/\/www.europesays.com\/pt\/wp-json\/wp\/v2\/comments?post=31243"}],"version-history":[{"count":0,"href":"https:\/\/www.europesays.com\/pt\/wp-json\/wp\/v2\/posts\/31243\/revisions"}],"wp:featuredmedia":[{"embeddable":true,"href":"https:\/\/www.europesays.com\/pt\/wp-json\/wp\/v2\/media\/31244"}],"wp:attachment":[{"href":"https:\/\/www.europesays.com\/pt\/wp-json\/wp\/v2\/media?parent=31243"}],"wp:term":[{"taxonomy":"category","embeddable":true,"href":"https:\/\/www.europesays.com\/pt\/wp-json\/wp\/v2\/categories?post=31243"},{"taxonomy":"post_tag","embeddable":true,"href":"https:\/\/www.europesays.com\/pt\/wp-json\/wp\/v2\/tags?post=31243"}],"curies":[{"name":"wp","href":"https:\/\/api.w.org\/{rel}","templated":true}]}}