{"id":312680,"date":"2026-03-21T00:57:09","date_gmt":"2026-03-21T00:57:09","guid":{"rendered":"https:\/\/www.europesays.com\/pt\/312680\/"},"modified":"2026-03-21T00:57:09","modified_gmt":"2026-03-21T00:57:09","slug":"aos-13-anos-filha-de-grazi-massafera-e-caua-reymond-encanta-em-primeira-noite-de-festival","status":"publish","type":"post","link":"https:\/\/www.europesays.com\/pt\/312680\/","title":{"rendered":"Aos 13 anos, filha de Grazi Massafera e Cau\u00e3 Reymond encanta em primeira noite de festival"},"content":{"rendered":"<p><strong>Sofia Massafera,<\/strong> filha de <a href=\"https:\/\/caras.com.br\/tags\/grazi-massafera\" rel=\"nofollow noopener\" target=\"_blank\"><strong>Grazi Massafera<\/strong><\/a> e <strong><a href=\"https:\/\/caras.com.br\/tags\/caua-reymond\" rel=\"nofollow noopener\" target=\"_blank\">Cau\u00e3 Reymond<\/a>,<\/strong> marcou presen\u00e7a no primeiro dia do festival Lollapalooza, no Aut\u00f3dromo de Interlagos, em S\u00e3o Paulo, e sua presen\u00e7a chamou aten\u00e7\u00e3o no evento.<\/p>\n<p>A jovem, de 13 anos, que j\u00e1 mede cerca de 1,73m mesmo com pouca idade, apostou em uma produ\u00e7\u00e3o alinhada ao clima do festival. Para a ocasi\u00e3o, Sofia escolheu um short com estampa animal print, combinado com jaqueta de couro em tom escuro e uma camiseta estampada da cantora <strong>Sabrina Carpenter,<\/strong> uma das principais atra\u00e7\u00f5es da noite. O visual foi finalizado com coturno marrom, refor\u00e7ando a proposta fashionista para a noite.<\/p>\n<p> Confira as fotos: <img loading=\"lazy\" decoding=\"async\" class=\"wp-image-1090570 size-full img-fluid lazy\" alt=\"Sofia Massafera - Foto: Marcelo S\u00e1 Barretto \/ AgNews\" width=\"2048\" height=\"1363\" src=\"https:\/\/www.europesays.com\/pt\/wp-content\/uploads\/2026\/03\/Sophia-Massafera-1.jpg\"  \/>Sofia Massafera \u2013 Foto: Marcelo S\u00e1 Barretto \/ AgNews <\/p>\n<p>\u00a0<\/p>\n<p> <img loading=\"lazy\" decoding=\"async\" class=\"wp-image-1090571 size-full img-fluid lazy\" alt=\"Sofia Massafera - Foto: Marcelo S\u00e1 Barretto \/ AgNews\" width=\"1363\" height=\"2048\" src=\"https:\/\/www.europesays.com\/pt\/wp-content\/uploads\/2026\/03\/Sophia-Massafera-5.jpg\"  \/>Sofia Massafera \u2013 Foto: Marcelo S\u00e1 Barretto \/ AgNews <\/p>\n<p>\u00a0<\/p>\n<p>\t <img loading=\"lazy\" decoding=\"async\" class=\"wp-image-1090572 size-full img-fluid lazy\" alt=\"Sofia Massafera - Foto: Marcelo S\u00e1 Barretto \/ AgNews\" width=\"2048\" height=\"1363\" src=\"https:\/\/www.europesays.com\/pt\/wp-content\/uploads\/2026\/03\/Sophia-Massafera-3.jpg\"  \/>Sofia Massafera \u2013 Foto: Marcelo S\u00e1 Barretto \/ AgNews <\/p>\n<p>\u00a0<\/p>\n<p> <img loading=\"lazy\" decoding=\"async\" class=\"wp-image-1090573 size-full img-fluid lazy\" alt=\"Sofia Massafera - Foto: Marcelo S\u00e1 Barretto \/ AgNews\" width=\"1363\" height=\"2048\" src=\"https:\/\/www.europesays.com\/pt\/wp-content\/uploads\/2026\/03\/Sophia-Massafera-6.jpg\"  \/>Sofia Massafera \u2013 Foto: Marcelo S\u00e1 Barretto \/ AgNews <\/p>\n<p>Sofia Massafera nasceu em 2012 e \u00e9 fruto do relacionamento entre Grazi Massafera e Cau\u00e3 Reymond, que ficaram juntos por cerca de seis anos e anunciaram a separa\u00e7\u00e3o em 2013. Mesmo ap\u00f3s o fim, os dois mant\u00eam uma rela\u00e7\u00e3o cordial na cria\u00e7\u00e3o da filha.<\/p>\n<p> Cau\u00e3 Reymond brinca sobre rotina com a filha <\/p>\n<p>Cau\u00e3 Reymond tamb\u00e9m costuma compartilhar momentos ao lado da filha, Sofia Massafera, em registros mais pontuais nas redes sociais.<br \/>Em janeiro, o ator dividiu um v\u00eddeo com a jovem ap\u00f3s passarem horas juntos em um passeio no shopping. Durante o momento, ele comentou de forma descontra\u00edda sobre a experi\u00eancia.<\/p>\n<p>\u201cVim aqui fazer um depoimento que \u00e9 raro. Pai de menina\u201d, come\u00e7ou. Em seguida, brincou sobre o tempo que passou andando. \u201cOlha que eu gosto de malhar, treinar\u2026 voc\u00eas sabem, rotina saud\u00e1vel. Mas ficar em p\u00e9 o dia inteiro\u2026 d\u00e1 uma dor na lombar. Mas t\u00e1 tudo bem, fa\u00e7o com muito amor, muito carinho\u201d, disse.<\/p>\n<p>Sofia chegou a reagir \u00e0 grava\u00e7\u00e3o enquanto o pai falava, e o clima seguiu leve entre os dois. \u201cMas esse rol\u00ea de ficar andando, comprando coisa, olhando, olhando o pre\u00e7o\u2026 vou te falar: \u00e9 muito amor. Muito amor. Vamos l\u00e1. Eu amo muito\u201d, completou o ator.<\/p>\n<p>Leia tamb\u00e9m: <a href=\"https:\/\/caras.com.br\/viagem\/caua-reymond-publica-fotos-raras-ao-lado-da-filha-durante-ferias-nos-eua.phtml\" rel=\"nofollow noopener\" target=\"_blank\">Cau\u00e3 Reymond publica fotos raras ao lado da filha durante f\u00e9rias nos EUA<\/a><\/p>\n<p>        <a href=\"https:\/\/caras.com.br\/autor\/izabella-nicolau\" rel=\"nofollow noopener\" target=\"_blank\">&#13;<br \/>\n          <img loading=\"lazy\" decoding=\"async\" alt=\"Izabella Nicolau\" src=\"https:\/\/www.europesays.com\/pt\/wp-content\/uploads\/2026\/03\/1773454871_791_whatsapp_image_2025-08-12_at_15.10.50_1_sqmd.jpeg\" class=\"avatar avatar-115 photo rounded-circle\" height=\"115\" width=\"115\"\/>        <\/a><\/p>\n<p><strong>Izabella Nicolau<\/strong> \u00e9 rep\u00f3rter de conte\u00fado do site CARAS. Formada em jornalismo, j\u00e1 passou por sites como Observat\u00f3rio do Cinema e Ultraverso. Escreve sobre cultura, entretenimento e celebridades.<\/p>\n","protected":false},"excerpt":{"rendered":"Sofia Massafera, filha de Grazi Massafera e Cau\u00e3 Reymond, marcou presen\u00e7a no primeiro dia do festival Lollapalooza, no&hellip;\n","protected":false},"author":2,"featured_media":312681,"comment_status":"","ping_status":"","sticky":false,"template":"","format":"standard","meta":{"footnotes":"","_share_on_mastodon":"0"},"categories":[145],"tags":[211,210,114,115,44890,32,33,44891,55445],"class_list":["post-312680","post","type-post","status-publish","format-standard","has-post-thumbnail","category-celebridades","tag-celebridades","tag-celebrities","tag-entertainment","tag-entretenimento","tag-filha-de-caua-reymond-e-grazi-massafera","tag-portugal","tag-pt","tag-sofia-massafera","tag-sofia-massafera-reymond"],"share_on_mastodon":{"url":"https:\/\/pubeurope.com\/@pt\/116264451884098041","error":""},"_links":{"self":[{"href":"https:\/\/www.europesays.com\/pt\/wp-json\/wp\/v2\/posts\/312680","targetHints":{"allow":["GET"]}}],"collection":[{"href":"https:\/\/www.europesays.com\/pt\/wp-json\/wp\/v2\/posts"}],"about":[{"href":"https:\/\/www.europesays.com\/pt\/wp-json\/wp\/v2\/types\/post"}],"author":[{"embeddable":true,"href":"https:\/\/www.europesays.com\/pt\/wp-json\/wp\/v2\/users\/2"}],"replies":[{"embeddable":true,"href":"https:\/\/www.europesays.com\/pt\/wp-json\/wp\/v2\/comments?post=312680"}],"version-history":[{"count":0,"href":"https:\/\/www.europesays.com\/pt\/wp-json\/wp\/v2\/posts\/312680\/revisions"}],"wp:featuredmedia":[{"embeddable":true,"href":"https:\/\/www.europesays.com\/pt\/wp-json\/wp\/v2\/media\/312681"}],"wp:attachment":[{"href":"https:\/\/www.europesays.com\/pt\/wp-json\/wp\/v2\/media?parent=312680"}],"wp:term":[{"taxonomy":"category","embeddable":true,"href":"https:\/\/www.europesays.com\/pt\/wp-json\/wp\/v2\/categories?post=312680"},{"taxonomy":"post_tag","embeddable":true,"href":"https:\/\/www.europesays.com\/pt\/wp-json\/wp\/v2\/tags?post=312680"}],"curies":[{"name":"wp","href":"https:\/\/api.w.org\/{rel}","templated":true}]}}