{"id":313132,"date":"2026-03-21T12:06:09","date_gmt":"2026-03-21T12:06:09","guid":{"rendered":"https:\/\/www.europesays.com\/pt\/313132\/"},"modified":"2026-03-21T12:06:09","modified_gmt":"2026-03-21T12:06:09","slug":"virus-sincicial-respiratorio-vsr-veja-tratamento-e-protecao-com-novo-imunizante-do-sus-ser-saude","status":"publish","type":"post","link":"https:\/\/www.europesays.com\/pt\/313132\/","title":{"rendered":"V\u00edrus Sincicial Respirat\u00f3rio (VSR): veja tratamento e prote\u00e7\u00e3o com novo imunizante do SUS &#8211; Ser Sa\u00fade"},"content":{"rendered":"<p>O v\u00edrus sincicial respirat\u00f3rio (VSR), uma das principais causas de <strong>hospitaliza\u00e7\u00e3o de beb\u00eas com menos de um ano<\/strong>, preocupa especialistas pela alta transmissibilidade e r\u00e1pida evolu\u00e7\u00e3o para quadros graves, como bronquiolite e pneumonia.<\/p>\n<p>A <strong>infec\u00e7\u00e3o se espalha por secre\u00e7\u00f5es respirat\u00f3rias e contato com superf\u00edcies contaminadas<\/strong>, exigindo aten\u00e7\u00e3o a sintomas e medidas de preven\u00e7\u00e3o, al\u00e9m do uso de <strong>novos imunizantes dispon\u00edveis no SUS para grupos de risco.<\/strong><\/p>\n<p>Em evento realizado em S\u00e3o Paulo, na \u00faltima ter\u00e7a-feira (17), o infectologista pedi\u00e1trico Renato Kfouri* e a infectologista do Instituto de Infectologia Em\u00edlio Ribas, Rosana Richtmann** citaram medidas de preven\u00e7\u00e3o, formas de reduzir o risco e refor\u00e7aram a import\u00e2ncia da aplica\u00e7\u00e3o do imunizante em prematuros, beb\u00eas com at\u00e9 seis meses de idade e menores de 23 meses com comorbidades comprovadas.<\/p>\n<p>Entenda como ocorre a transmiss\u00e3o do VSR<\/p>\n<p>O VSR \u00e9 transmitido principalmente por meio das secre\u00e7\u00f5es respirat\u00f3rias. Assim, as pessoas infectadas acabam transmitindo para outras quando essas part\u00edculas s\u00e3o expelidas por meio da tosse, espirro ou fala.\u00a0<\/p>\n<p>Al\u00e9m disso, o v\u00edrus tamb\u00e9m pode sobreviver por um tempo em objetos ou superf\u00edcies. Ent\u00e3o, se algu\u00e9m com os sintomas espirrar e tocar em uma ma\u00e7aneta, brinquedo ou outro objeto, outra pessoa que encostar ali e <strong>depois levar a m\u00e3o aos olhos ou \u00e0 boca pode acabar ficando doente<\/strong>.<\/p>\n<p>Dentre as principais formas de transmiss\u00e3o, est\u00e3o:\u00a0<\/p>\n<ul>&#13;<\/p>\n<li>Tocar em superf\u00edcies contaminadas;<\/li>\n<p>&#13;<\/p>\n<li>Por meio de got\u00edculas respirat\u00f3rias ao tossir ou espirrar;<\/li>\n<p>&#13;<\/p>\n<li>Contato direto com secre\u00e7\u00f5es, como saliva ou muco nasal;<\/li>\n<p>&#13;<\/p>\n<li>Contato pr\u00f3ximo com pessoas infectadas, principalmente em ambientes fechados.<\/li>\n<p>&#13;\n<\/ul>\n<p>\t\t\t\tVeja tamb\u00e9m<\/p>\n<p>Sintomas do v\u00edrus sincicial respirat\u00f3rio\u00a0<\/p>\n<p>Os <strong>sintomas do VSR podem variar de acordo com a idade <\/strong>e as condi\u00e7\u00f5es de sa\u00fade do paciente. Em muitos casos, a infec\u00e7\u00e3o apresenta os mesmos sintomas, como:\u00a0<\/p>\n<ul>&#13;<\/p>\n<li>Coriza;<\/li>\n<p>&#13;<\/p>\n<li>Febre;<\/li>\n<p>&#13;<\/p>\n<li>Tosse;<\/li>\n<p>&#13;<\/p>\n<li>Dor de garganta;<\/li>\n<p>&#13;<\/p>\n<li>Mal-estar geral;<\/li>\n<p>&#13;<\/p>\n<li>Chiado no peito.<\/li>\n<p>&#13;\n<\/ul>\n<p>No caso de beb\u00eas, tamb\u00e9m podem apresentar<strong> diminui\u00e7\u00e3o do apetite, dificuldade para mamar, irritabilidade ou cansa\u00e7o excessivo<\/strong>.<\/p>\n<p>Em idosos, o v\u00edrus pode agravar\u00a0doen\u00e7as respirat\u00f3rias pr\u00e9-existentes, como asma ou bronquite.<\/p>\n<p>Como \u00e9 feito o diagn\u00f3stico do VSR?\u00a0<\/p>\n<p>O <strong>diagn\u00f3stico \u00e9 confirmado por meio de testes de laborat\u00f3rio<\/strong>,\u00a0especialmente em casos mais graves ou em pacientes hospitalizados.\u00a0<\/p>\n<p>Para isso, s\u00e3o coletadas secre\u00e7\u00f5es respirat\u00f3rias do nariz ou da garganta. Entre os m\u00e9todos mais comuns est\u00e3o os exames moleculares e os testes r\u00e1pidos de ant\u00edgeno.<\/p>\n<p>Qual o tratamento e cuidados com o VSR?\u00a0<\/p>\n<p>O <strong>tratamento do VSR foca em aliviar os sintomas apresentados<\/strong> e na recupera\u00e7\u00e3o do paciente. Nos quadros mais leves, com sintomas similares ao resfriado comum, \u00e9 poss\u00edvel adotar alguns cuidados, como:\u00a0<\/p>\n<ul>&#13;<\/p>\n<li>Manter hidrata\u00e7\u00e3o adequada;<\/li>\n<p>&#13;<\/p>\n<li>Utilizar medica\u00e7\u00f5es para febre e dor;<\/li>\n<p>&#13;<\/p>\n<li>Realizar lavagem nasal com soro fisiol\u00f3gico.<\/li>\n<p>&#13;\n<\/ul>\n<p>Caso apresente um agravamento de sintomas, como dificuldade de respirar, \u00e9 preciso buscar um m\u00e9dico.<\/p>\n<p>\n\t\t<img decoding=\"async\" alt=\"Imagem de beb\u00ea realizando lavagem nasal para mat\u00e9ria sobre VSR.\" src=\"https:\/\/www.europesays.com\/pt\/wp-content\/uploads\/2026\/03\/Lavagem-nasal.webp.webp\" loading=\"lazy\" width=\"4088\" height=\"2499\"\/><\/p>\n<p>\n\t\t\t\tLegenda:<br \/>\n\t\t\t\t No caso de agravamento de sintomas, como dificuldade de respirar, \u00e9 preciso buscar um m\u00e9dico.\n\t\t\t<\/p>\n<p>\n\t\t\t\tFoto:<br \/>\n\t\t\t\t Shutterstock\/BOKEH STOCK.\n\t\t\t<\/p>\n<\/p>\n<p>No agravamento para casos graves, principalmente em beb\u00eas ou idosos,<strong> pode ser\u00a0necess\u00e1ria interna\u00e7\u00e3o hospitalar<\/strong>. Nas unidades de sa\u00fade, h\u00e1 suporte respirat\u00f3rio e\u00a0 acompanhamento intensivo.<\/p>\n<p>Qual o papel do Beyfortus nos cuidados com o VSR?\u00a0<\/p>\n<p>O imunizante Beyfortus, com o anticorpo\u00a0nirsevimabe, busca ampliar a defesa contra o V\u00edrus Sincicial Respirat\u00f3rio (VSR). Administrado em dose \u00fanica, ele integra uma nova\u00a0medida preventiva aprovada e incorporada ao SUS.<\/p>\n<p>O que \u00e9?\u00a0<\/p>\n<p>O\u00a0<strong>Beyfortus \u00e9 um anticorpo de a\u00e7\u00e3o prolongada<\/strong>, assim, <a href=\"https:\/\/diariodonordeste.verdesmares.com.br\/ser-saude\/vacinacao-precoce-protege-prematuros-contra-infeccoes-graves-e-hospitalizacoes-1.3715039\" rel=\"nofollow noopener\" target=\"_blank\"><strong>garante prote\u00e7\u00e3o direta contra o v\u00edrus<\/strong><\/a>. Os beb\u00eas que recebem o imunizante passam a ter\u00a0<strong>anticorpos prontos para combater o VSR<\/strong>.<\/p>\n<p>\n\t\t<img decoding=\"async\" alt=\"Caixas e seringas do medicamento Beyfortus (nirsevimabe), utilizadas na imuniza\u00e7\u00e3o contra o v\u00edrus sincicial respirat\u00f3rio (VSR), expostas em balc\u00e3o de unidade de sa\u00fade com banner \u2018Aqui tem vacina\u2019 ao fundo.\" src=\"https:\/\/www.europesays.com\/pt\/wp-content\/uploads\/2026\/03\/Imunizante.webp.webp\" loading=\"lazy\" width=\"1200\" height=\"800\"\/><\/p>\n<p>\n\t\t\t\tLegenda:<br \/>\n\t\t\t\t Imunizante, que ser\u00e1 oferecido no SUS, pode custar at\u00e9 R$ 3.500 em laborat\u00f3rios privados.\n\t\t\t<\/p>\n<p>\n\t\t\t\tFoto:<br \/>\n\t\t\t\t Divulga\u00e7\u00e3o\/Sesa.\n\t\t\t<\/p>\n<\/p>\n<p>Quem pode receber?\u00a0<\/p>\n<p>A vacina \u00e9 disponibilizada pelo SUS para:<\/p>\n<ul>&#13;<\/p>\n<li>Beb\u00eas com idade gestacional inferior a 37 semanas e com at\u00e9 seis meses de idade;<\/li>\n<p>&#13;<\/p>\n<li>Crian\u00e7as com at\u00e9 24 meses que apresentem comorbidades.\u00a0<\/li>\n<p>&#13;\n<\/ul>\n<p>Dentre as comorbidades listadas, est\u00e3o:<\/p>\n<ul>&#13;<\/p>\n<li>Doen\u00e7a pulmonar cr\u00f4nica da prematuridade (broncodisplasia);<\/li>\n<p>&#13;<\/p>\n<li>Cardiopatia cong\u00eanita;<\/li>\n<p>&#13;<\/p>\n<li>Anomalias cong\u00eanitas das vias a\u00e9reas;<\/li>\n<p>&#13;<\/p>\n<li>Doen\u00e7a neuromuscular;<\/li>\n<p>&#13;<\/p>\n<li>Fibrose c\u00edstica;<\/li>\n<p>&#13;<\/p>\n<li>Imunocomprometimento grave, de origem inata ou adquirida;<\/li>\n<p>&#13;<\/p>\n<li>S\u00edndrome de Down.<\/li>\n<p>&#13;\n<\/ul>\n<p>Como funciona?\u00a0<\/p>\n<p>O\u00a0<strong>nirsevimabe \u00e9 um anticorpo do tipo monoclonal, capaz fornecer prote\u00e7\u00e3o imediata<\/strong>, segundo o\u00a0Minist\u00e9rio da Sa\u00fade. Ele \u00e9 respons\u00e1vel por reduzir o risco de formas graves de\u00a0bronquiolite e pneumonia.<\/p>\n<p>N\u00e3o h\u00e1 necessidade de um esquema vacinal de mais de uma dose e nem de estimular o sistema imunol\u00f3gico da crian\u00e7a a produzir seus pr\u00f3prios anticorpos.<\/p>\n<p>Diferen\u00e7as entre vacina e o imunizante\u00a0<\/p>\n<p>A m\u00e9dica Rosanna explicou que a diferen\u00e7a entre a vacina e o imunizante \u00e9 que, no caso das <strong>vacinas, elas estimulam o corpo a criar os pr\u00f3prios anticorpos<\/strong>.\u00a0<\/p>\n<p>J\u00e1 os<strong> imunizantes, como o\u00a0Beyfortus, j\u00e1 oferecem uma prote\u00e7\u00e3o imediata <\/strong>ao aplicar um\u00a0anticorpo monoclonal (imuniza\u00e7\u00e3o passiva). Ou seja, os beb\u00eas j\u00e1 recebem a defesa pronta.<\/p>\n<p>\n\t\t<img decoding=\"async\" alt=\"Imagem de beb\u00ea vacinando para mat\u00e9ria sobre prote\u00e7\u00e3o de prematuros.\" src=\"https:\/\/www.europesays.com\/pt\/wp-content\/uploads\/2026\/03\/Vacinac-o-de-prematuros.webp.webp\" loading=\"lazy\" width=\"4088\" height=\"2725\"\/><\/p>\n<p>\n\t\t\t\tLegenda:<br \/>\n\t\t\t\t \u00c9 poss\u00edvel buscar mais informa\u00e7\u00f5es sobre vacina\u00e7\u00e3o de prematuros em cartilhas, folhetos ou outros materiais impressos do Minist\u00e9rio da Sa\u00fade.\n\t\t\t<\/p>\n<p>\n\t\t\t\tFoto:<br \/>\n\t\t\t\t Shutterstock\/Maroke.\n\t\t\t<\/p>\n<\/p>\n<p>Onde encontrar?\u00a0<\/p>\n<p>Em Fortaleza,\u00a0segundo a Secretaria Municipal da Sa\u00fade (SMS), a aplica\u00e7\u00e3o pode ser feita no Hospital Universit\u00e1rio do Cear\u00e1 (HUC), no Hospital Geral de Fortaleza (HGF) e na Maternidade-Escola Assis Chateaubriand (Meac).<\/p>\n<p>O <strong>acesso \u00e0s doses em postos de sa\u00fade requer avalia\u00e7\u00e3o m\u00e9dica e prescri\u00e7\u00e3o<\/strong>, especialmente para crian\u00e7as menores de 23 meses, que devem confirmar a comorbidade.<\/p>\n<p>Como se proteger do VSR?\u00a0<\/p>\n<p>A principal forma de prote\u00e7\u00e3o \u00e9 por meio do imunizante, que tem sido aplicado ainda na maternidade. No entanto, dentre algumas medidas que podem ser adotadas para evitar a contamina\u00e7\u00e3o, est\u00e3o:\u00a0<\/p>\n<ul>&#13;<\/p>\n<li>Cobrir boca e nariz ao tossir ou espirrar;\u00a0<\/li>\n<p>&#13;<\/p>\n<li>Lavar as m\u00e3os com frequ\u00eancia com \u00e1gua e sab\u00e3o;<\/li>\n<p>&#13;<\/p>\n<li>Higienizar objetos de uso frequente, como celulares, brinquedos e ma\u00e7anetas.<\/li>\n<p>&#13;\n<\/ul>\n<p>Al\u00e9m disso, como o v\u00edrus se espalha principalmente por meio de secre\u00e7\u00f5es respirat\u00f3rias, \u00e9 recomendado:\u00a0<\/p>\n<ul>&#13;<\/p>\n<li>Evitar contato pr\u00f3ximo de beb\u00eas com pessoas resfriadas ou gripadas;\u00a0<\/li>\n<p>&#13;<\/p>\n<li>Evitar aglomera\u00e7\u00f5es e visitas a rec\u00e9m-nascidos durante per\u00edodos de maior circula\u00e7\u00e3o viral.<\/li>\n<p>&#13;\n<\/ul>\n<p>*A rep\u00f3rter viajou a convite da Sanofi, empresa farmac\u00eautica, para evento em S\u00e3o Paulo.<\/p>\n<p>*Renato Kfouri, pediatra infectologista, Secret\u00e1rio do Departamento de Imuniza\u00e7\u00f5es da Sociedade Brasileira de Pediatria (SBP) e vice-presidente da Sociedade Brasileira de Imuniza\u00e7\u00f5es (SBIm).\u00a0<\/p>\n<p>**Rosana Richtmann, m\u00e9dica infectologista do Instituto de Infectologia Em\u00edlio Ribas, com doutorado na Universidade de Freiburg, na Alemanha.<\/p>\n","protected":false},"excerpt":{"rendered":"O v\u00edrus sincicial respirat\u00f3rio (VSR), uma das principais causas de hospitaliza\u00e7\u00e3o de beb\u00eas com menos de um ano,&hellip;\n","protected":false},"author":2,"featured_media":313133,"comment_status":"","ping_status":"","sticky":false,"template":"","format":"standard","meta":{"footnotes":"","_share_on_mastodon":"0"},"categories":[86],"tags":[19787,116,32,9883,33,117,7521],"class_list":["post-313132","post","type-post","status-publish","format-standard","has-post-thumbnail","category-saude","tag-beatriz-rabelo","tag-health","tag-portugal","tag-produtos","tag-pt","tag-saude","tag-sociedade-e-saude"],"share_on_mastodon":{"url":"https:\/\/pubeurope.com\/@pt\/116267082668576205","error":""},"_links":{"self":[{"href":"https:\/\/www.europesays.com\/pt\/wp-json\/wp\/v2\/posts\/313132","targetHints":{"allow":["GET"]}}],"collection":[{"href":"https:\/\/www.europesays.com\/pt\/wp-json\/wp\/v2\/posts"}],"about":[{"href":"https:\/\/www.europesays.com\/pt\/wp-json\/wp\/v2\/types\/post"}],"author":[{"embeddable":true,"href":"https:\/\/www.europesays.com\/pt\/wp-json\/wp\/v2\/users\/2"}],"replies":[{"embeddable":true,"href":"https:\/\/www.europesays.com\/pt\/wp-json\/wp\/v2\/comments?post=313132"}],"version-history":[{"count":0,"href":"https:\/\/www.europesays.com\/pt\/wp-json\/wp\/v2\/posts\/313132\/revisions"}],"wp:featuredmedia":[{"embeddable":true,"href":"https:\/\/www.europesays.com\/pt\/wp-json\/wp\/v2\/media\/313133"}],"wp:attachment":[{"href":"https:\/\/www.europesays.com\/pt\/wp-json\/wp\/v2\/media?parent=313132"}],"wp:term":[{"taxonomy":"category","embeddable":true,"href":"https:\/\/www.europesays.com\/pt\/wp-json\/wp\/v2\/categories?post=313132"},{"taxonomy":"post_tag","embeddable":true,"href":"https:\/\/www.europesays.com\/pt\/wp-json\/wp\/v2\/tags?post=313132"}],"curies":[{"name":"wp","href":"https:\/\/api.w.org\/{rel}","templated":true}]}}