{"id":313959,"date":"2026-03-22T03:57:42","date_gmt":"2026-03-22T03:57:42","guid":{"rendered":"https:\/\/www.europesays.com\/pt\/313959\/"},"modified":"2026-03-22T03:57:42","modified_gmt":"2026-03-22T03:57:42","slug":"separado-do-filho-pedro-bianchi-prata-faz-desabafo-tocante-nao-poder-dar-um-abraco-secret-story","status":"publish","type":"post","link":"https:\/\/www.europesays.com\/pt\/313959\/","title":{"rendered":"Separado do filho, Pedro Bianchi Prata faz desabafo tocante: \u00abN\u00e3o poder dar um abra\u00e7o&#8230;\u00bb &#8211; Secret Story"},"content":{"rendered":"<p data-end=\"355\" data-start=\"125\"><strong>Pedro Bianchi Prata<\/strong> recorreu \u00e0s redes sociais para assinalar o <strong>Dia do Pai <\/strong>e acabou por partilhar um desabafo, ao revelar que se encontra longe de <a href=\"https:\/\/tvi.iol.pt\/secretstory\/maria-botelho-moniz\/pai\/maria-botelho-moniz-presta-homenagem-arrepiante-ao-pai-em-dia-especial-e-o-filho-vicente-tambem-entra-nela\" rel=\"nofollow noopener\" target=\"_blank\"><strong>Maria Botelho Moniz<\/strong> e do <strong>filho<\/strong><\/a>.<\/p>\n<p data-end=\"615\" data-start=\"357\">O piloto publicou uma fotografia ao lado de Vicente, e abriu o cora\u00e7\u00e3o:<strong> \u00abHoje \u00e9 Dia do Pai\u2026 e estou longe do meu filho. H\u00e1 dias em que tudo pesa mais. Hoje \u00e9 um deles<\/strong>\u00bb, come\u00e7ou por escrever.<\/p>\n<p data-end=\"923\" data-start=\"617\">Na mesma partilha, destacou como a paternidade mudou a sua perspetiva sobre o que realmente importa. <strong>\u00abSer pai ensinou-me muita coisa, mas acima de tudo ensinou-me o valor da presen\u00e7a\u2026 e o quanto custa n\u00e3o estar\u00bb<\/strong>, confessou.<\/p>\n<p data-end=\"1106\" data-start=\"925\">Pedro Bianchi Prata falou ainda da dor das pequenas aus\u00eancias:<strong> \u00abN\u00e3o poder dar um abra\u00e7o, n\u00e3o poder ouvir a voz de perto, n\u00e3o poder viver os pequen<\/strong>os momentos que, afinal, s\u00e3o tudo\u00bb. Embora destaque saber que o filho est\u00e1 bem acompanhado, fazendo assim alus\u00e3o \u00e0 noiva, Maria Botelho Moniz:<strong>\u00a0\u00abSei que ele est\u00e1 feliz, rodeado de amor e isso acalma-me o cora\u00e7\u00e3o. Mas a saudade\u2026 essa n\u00e3o desaparece\u00bb<\/strong>, admitiu.<\/p>\n<p data-end=\"1568\" data-is-last-node=\"\" data-is-only-node=\"\" data-start=\"1309\"><strong>\u00abFa\u00e7o este caminho por ele, para lhe mostrar que devemos lutar pelos nossos sonhos, mesmo quando isso implica sacrif\u00edcios. E no fim, o que mais quero \u00e9 voltar a casa e abra\u00e7\u00e1-lo\u00bb<\/strong>, concluiu.<\/p>\n<p data-end=\"1568\" data-is-last-node=\"\" data-is-only-node=\"\" data-start=\"1309\"><strong>Veja a publica\u00e7\u00e3o.<\/strong><\/p>\n<p data-end=\"1568\" data-is-last-node=\"\" data-is-only-node=\"\" data-start=\"1309\">\u00a0<\/p>\n<blockquote class=\"instagram-media\" data-instgrm-captioned=\"\" data-instgrm-permalink=\"https:\/\/www.instagram.com\/p\/DWFKWZSCN2q\/?utm_source=ig_embed&amp;utm_campaign=loading\" data-instgrm-version=\"14\" style=\" background:#FFF; border:0; border-radius:3px; box-shadow:0 0 1px 0 rgba(0,0,0,0.5),0 1px 10px 0 rgba(0,0,0,0.15); margin: 1px; max-width:540px; min-width:326px; padding:0; width:99.375%; width:-webkit-calc(100% - 2px); width:calc(100% - 2px);\">\n<\/blockquote>\n<p>                        <script async src=\"\/\/www.instagram.com\/embed.js\"><\/script><\/p>\n","protected":false},"excerpt":{"rendered":"Pedro Bianchi Prata recorreu \u00e0s redes sociais para assinalar o Dia do Pai e acabou por partilhar um&hellip;\n","protected":false},"author":2,"featured_media":313960,"comment_status":"","ping_status":"","sticky":false,"template":"","format":"standard","meta":{"footnotes":"","_share_on_mastodon":"0"},"categories":[142],"tags":[18706,114,115,18705,3435,338,4089,32,33,55583,151,18704],"class_list":["post-313959","post","type-post","status-publish","format-standard","has-post-thumbnail","category-tv","tag-bastidores-secret-story","tag-entertainment","tag-entretenimento","tag-entrevistas-concorrentes-tvi","tag-filho","tag-maria-botelho-moniz","tag-pedro-bianchi-prata","tag-portugal","tag-pt","tag-separado","tag-tv","tag-vida-fora-da-casa"],"share_on_mastodon":{"url":"https:\/\/pubeurope.com\/@pt\/116270821775720816","error":""},"_links":{"self":[{"href":"https:\/\/www.europesays.com\/pt\/wp-json\/wp\/v2\/posts\/313959","targetHints":{"allow":["GET"]}}],"collection":[{"href":"https:\/\/www.europesays.com\/pt\/wp-json\/wp\/v2\/posts"}],"about":[{"href":"https:\/\/www.europesays.com\/pt\/wp-json\/wp\/v2\/types\/post"}],"author":[{"embeddable":true,"href":"https:\/\/www.europesays.com\/pt\/wp-json\/wp\/v2\/users\/2"}],"replies":[{"embeddable":true,"href":"https:\/\/www.europesays.com\/pt\/wp-json\/wp\/v2\/comments?post=313959"}],"version-history":[{"count":0,"href":"https:\/\/www.europesays.com\/pt\/wp-json\/wp\/v2\/posts\/313959\/revisions"}],"wp:featuredmedia":[{"embeddable":true,"href":"https:\/\/www.europesays.com\/pt\/wp-json\/wp\/v2\/media\/313960"}],"wp:attachment":[{"href":"https:\/\/www.europesays.com\/pt\/wp-json\/wp\/v2\/media?parent=313959"}],"wp:term":[{"taxonomy":"category","embeddable":true,"href":"https:\/\/www.europesays.com\/pt\/wp-json\/wp\/v2\/categories?post=313959"},{"taxonomy":"post_tag","embeddable":true,"href":"https:\/\/www.europesays.com\/pt\/wp-json\/wp\/v2\/tags?post=313959"}],"curies":[{"name":"wp","href":"https:\/\/api.w.org\/{rel}","templated":true}]}}