{"id":314185,"date":"2026-03-22T10:29:22","date_gmt":"2026-03-22T10:29:22","guid":{"rendered":"https:\/\/www.europesays.com\/pt\/314185\/"},"modified":"2026-03-22T10:29:22","modified_gmt":"2026-03-22T10:29:22","slug":"servicos-russos-terao-proposto-encenar-atentado-contra-orban-para-influenciar-eleicoes-na-hungria-mundo","status":"publish","type":"post","link":"https:\/\/www.europesays.com\/pt\/314185\/","title":{"rendered":"Servi\u00e7os russos ter\u00e3o proposto encenar atentado contra Orb\u00e1n para influenciar elei\u00e7\u00f5es na Hungria &#8211; Mundo"},"content":{"rendered":"<p class=\"\">&#13;<br \/>\n        Os servi\u00e7os de informa\u00e7\u00f5es russos ter\u00e3o proposto encenar uma tentativa de assassinato contra o primeiro-ministro h\u00fangaro, Viktor Orb\u00e1n, para refor\u00e7ar a sua popularidade antes das elei\u00e7\u00f5es legislativas de abril, noticiou este s\u00e1bado o Washington Post.&#13;\n    <\/p>\n<p class=\"\">&#13;<br \/>\n        Segundo o jornal norte-americano, a proposta partiu do Servi\u00e7o de Informa\u00e7\u00f5es Externas da R\u00fassia (SVR) e visava \u201calterar fundamentalmente\u201d a campanha eleitoral, deslocando o foco para quest\u00f5es de seguran\u00e7a e estabilidade pol\u00edtica.&#13;\n    <\/p>\n<p class=\"\">&#13;<br \/>\n        O Washington Post baseia-se em relat\u00f3rios russos obtidos e autenticados por um servi\u00e7o de informa\u00e7\u00f5es europeu, para chegar \u00e0 conclus\u00e3o de que existiria a inten\u00e7\u00e3o de encenar uma tentativa de assassinato de Viktor Orb\u00e1n.\u00a0\u201cUm incidente deste tipo deslocar\u00e1 a perce\u00e7\u00e3o da campanha do \u00e2mbito racional das quest\u00f5es socioecon\u00f3micas para um plano emocional\u201d, refere-se no documento citado pelo di\u00e1rio.&#13;\n    <\/p>\n<p class=\"\">&#13;<br \/>\n        Contudo, n\u00e3o \u00e9 claro at\u00e9 que ponto esta proposta foi analisada e ponderada pelo Governo russo.\u00a0O porta-voz do Kremlin, Dmitry Peskov, rejeitou as informa\u00e7\u00f5es, classificando-as como \u201cdesinforma\u00e7\u00e3o\u201d, enquanto o SVR n\u00e3o respondeu \u00e0s quest\u00f5es levantadas pelo jornal.&#13;\n    <\/p>\n<p class=\"\">&#13;<br \/>\n        De acordo com respons\u00e1veis de seguran\u00e7a europeus citados pelo jornal, a R\u00fassia tem apoiado Viktor Orb\u00e1n atrav\u00e9s de campanhas nas redes sociais, promovendo a ideia de que o l\u00edder h\u00fangaro \u00e9 o \u00fanico capaz de defender a soberania do pa\u00eds.&#13;\n    <\/p>\n<p class=\"\">&#13;<br \/>\n        A iniciativa surge num contexto de aparente queda de popularidade de Orb\u00e1n nas sondagens, antes das elei\u00e7\u00f5es de abril, nas quais o seu partido, Fidesz, poder\u00e1 ser derrotado pelo opositor conservador P\u00e9ter Magyar, l\u00edder do partido Tisza.&#13;\n    <\/p>\n<p class=\"\">&#13;<br \/>\n        Este s\u00e1bado, num discurso em Budapeste perante l\u00edderes ultraconservadores, na abertura da Confer\u00eancia de A\u00e7\u00e3o Pol\u00edtica Conservadora, Viktor Orb\u00e1n acusou a Uni\u00e3o Europeia e a Ucr\u00e2nia de tentarem influenciar as elei\u00e7\u00f5es de 12 de abril para mudar o Governo h\u00fangaro.&#13;\n    <\/p>\n<p class=\"\">&#13;<br \/>\n        \u00a0&#13;\n    <\/p>\n","protected":false},"excerpt":{"rendered":"&#13; Os servi\u00e7os de informa\u00e7\u00f5es russos ter\u00e3o proposto encenar uma tentativa de assassinato contra o primeiro-ministro h\u00fangaro, Viktor&hellip;\n","protected":false},"author":2,"featured_media":314186,"comment_status":"","ping_status":"","sticky":false,"template":"","format":"standard","meta":{"footnotes":"","_share_on_mastodon":"0"},"categories":[50],"tags":[27,28,25181,40613,22703,15,16,50145,55604,14,1991,6164,25,26,16760,21,22,62,12,13,19,20,23,24,839,51875,55603,17,18,29,30,31,636,1992,41009,63,64,65],"class_list":["post-314185","post","type-post","status-publish","format-standard","has-post-thumbnail","category-mundo","tag-breaking-news","tag-breakingnews","tag-budapeste","tag-desinformacao-e-informacao-errada","tag-eleicoes-legislativas","tag-featured-news","tag-featurednews","tag-fidesz","tag-governo-russo","tag-headlines","tag-hungria","tag-kremlin","tag-latest-news","tag-latestnews","tag-lider","tag-main-news","tag-mainnews","tag-mundo","tag-news","tag-noticias","tag-noticias-principais","tag-noticiasprincipais","tag-principais-noticias","tag-principaisnoticias","tag-russia","tag-russo","tag-servico-de-inteligencia-estrangeiro","tag-top-stories","tag-topstories","tag-ultimas","tag-ultimas-noticias","tag-ultimasnoticias","tag-uniao-europeia","tag-viktor-orban","tag-washington-d-c","tag-world","tag-world-news","tag-worldnews"],"share_on_mastodon":{"url":"","error":"Validation failed: Text character limit of 500 exceeded"},"_links":{"self":[{"href":"https:\/\/www.europesays.com\/pt\/wp-json\/wp\/v2\/posts\/314185","targetHints":{"allow":["GET"]}}],"collection":[{"href":"https:\/\/www.europesays.com\/pt\/wp-json\/wp\/v2\/posts"}],"about":[{"href":"https:\/\/www.europesays.com\/pt\/wp-json\/wp\/v2\/types\/post"}],"author":[{"embeddable":true,"href":"https:\/\/www.europesays.com\/pt\/wp-json\/wp\/v2\/users\/2"}],"replies":[{"embeddable":true,"href":"https:\/\/www.europesays.com\/pt\/wp-json\/wp\/v2\/comments?post=314185"}],"version-history":[{"count":0,"href":"https:\/\/www.europesays.com\/pt\/wp-json\/wp\/v2\/posts\/314185\/revisions"}],"wp:featuredmedia":[{"embeddable":true,"href":"https:\/\/www.europesays.com\/pt\/wp-json\/wp\/v2\/media\/314186"}],"wp:attachment":[{"href":"https:\/\/www.europesays.com\/pt\/wp-json\/wp\/v2\/media?parent=314185"}],"wp:term":[{"taxonomy":"category","embeddable":true,"href":"https:\/\/www.europesays.com\/pt\/wp-json\/wp\/v2\/categories?post=314185"},{"taxonomy":"post_tag","embeddable":true,"href":"https:\/\/www.europesays.com\/pt\/wp-json\/wp\/v2\/tags?post=314185"}],"curies":[{"name":"wp","href":"https:\/\/api.w.org\/{rel}","templated":true}]}}