{"id":314214,"date":"2026-03-22T10:56:14","date_gmt":"2026-03-22T10:56:14","guid":{"rendered":"https:\/\/www.europesays.com\/pt\/314214\/"},"modified":"2026-03-22T10:56:14","modified_gmt":"2026-03-22T10:56:14","slug":"2027-porque-o-eclipse-do-seculo-merece-ser-visto-ao-vivo","status":"publish","type":"post","link":"https:\/\/www.europesays.com\/pt\/314214\/","title":{"rendered":"2027: porque o &#8216;eclipse do s\u00e9culo&#8217; merece ser visto ao vivo"},"content":{"rendered":"<p>O astroturismo tem sido uma das maiores tend\u00eancias de viagem dos \u00faltimos cinco anos e n\u00e3o d\u00e1 sinais de abrandar, sobretudo com um eclipse solar no horizonte <a href=\"https:\/\/pt.euronews.com\/2025\/12\/29\/2026-no-espaco-regressam-missoes-a-lua-eclipses-varrem-a-europa-e-auroras-continuam\" rel=\"nofollow noopener\" target=\"_blank\">no final deste ano<\/a>.<\/p>\n<p>          <img decoding=\"async\" class=\"c-ad__placeholder__logo\" src=\"https:\/\/static.euronews.com\/website\/images\/logos\/logo-euronews-stacked-outlined-72x72-grey-9.svg\" width=\"72\" height=\"72\" alt=\"\" loading=\"lazy\"\/><br \/>\n          PUBLICIDADE<\/p>\n<p>          <img decoding=\"async\" class=\"c-ad__placeholder__logo\" src=\"https:\/\/static.euronews.com\/website\/images\/logos\/logo-euronews-stacked-outlined-72x72-grey-9.svg\" width=\"72\" height=\"72\" alt=\"\" loading=\"lazy\"\/><br \/>\n          PUBLICIDADE<\/p>\n<p>Embora o <strong>eclipse solar total de 12 de agosto de 2026<\/strong> seja especial, por ser o primeiro e \u00fanico vis\u00edvel na Isl\u00e2ndia no s\u00e9culo XXI, os ca\u00e7adores de eclipses de longa data j\u00e1 est\u00e3o a olhar para o ano seguinte.<\/p>\n<p>\u00c9 que, em 2 de agosto de 2027, ocorrer\u00e1 o &#8220;eclipse do s\u00e9culo&#8221;, <strong>o mais longo eclipse solar total vis\u00edvel em terra facilmente acess\u00edvel.<\/strong><\/p>\n<p>Grandes cidades no caminho da totalidade incluem C\u00e1diz e M\u00e1laga, em Espanha, T\u00e2nger, em Marrocos, e Jid\u00e1 e Meca, na Ar\u00e1bia Saudita. Luxor, no Egito, dever\u00e1 ser um dos destinos mais procurados para observar o eclipse, j\u00e1 que a dura\u00e7\u00e3o m\u00e1xima da totalidade \u2013 seis minutos e 23 segundos \u2013 ocorrer\u00e1 a cerca de 60 quil\u00f3metros a sudeste da cidade.<\/p>\n<p>Para perceber melhor porque vale a pena viajar para ver este eclipse, fal\u00e1mos com a doutora Kelly Korreck, cientista respons\u00e1vel pelo programa de eclipses na sede da NASA.<\/p>\n<p>Porque \u00e9 t\u00e3o especial o &#8220;eclipse do s\u00e9culo&#8221; de 2027<\/p>\n<p>&#8220;At\u00e9 agora, a Terra \u00e9 o \u00fanico planeta de que temos conhecimento onde ocorre este tipo de eclipse solar&#8221;, disse a doutora Korreck \u00e0 Euronews Travel.<\/p>\n<p>&#8220;H\u00e1 outras luas que passam \u00e0 frente do Sol, mas ter uma lua com o tamanho e a dist\u00e2ncia perfeitos para podermos assistir a isto \u00e9 algo verdadeiramente especial.&#8221;<\/p>\n<p>Os cientistas conseguem prever a data, a hora e a dura\u00e7\u00e3o dos eclipses com milhares de anos de anteced\u00eancia \u2013 e saber quando ocorreram no passado \u2013 observando as \u00f3rbitas da Lua, do Sol e da Terra.<\/p>\n<p>Em teoria, o eclipse total mais longo poss\u00edvel duraria cerca de sete minutos e meio. Para isso, o Sol teria de estar no apogeu (no ponto mais distante da Terra), a Lua no perigeu (o ponto mais pr\u00f3ximo da Terra) e o caminho da totalidade teria de passar ao longo do equador, algo que, como se imagina, \u00e9 bastante improv\u00e1vel.<\/p>\n<p>Com seis minutos e 23 segundos, o eclipse solar total de 2 de agosto de 2027 fica muito perto desse limite.<\/p>\n<p>Ultrapassa largamente o eclipse total de 2026, cuja dura\u00e7\u00e3o ser\u00e1 de dois minutos e 18 segundos, e o <a href=\"https:\/\/pt.euronews.com\/2024\/04\/08\/eclipse-solar-total-atravessa-o-continente\" rel=\"nofollow noopener\" target=\"_blank\">Grande Eclipse Norte-Americano de abril de 2024<\/a>, que durou quatro minutos e 28 segundos.<\/p>\n<p>O que esperar durante o eclipse solar total<\/p>\n<p>&#8220;\u00c9 dif\u00edcil explicar, sobretudo neste mundo digital, porque vale mesmo a pena sair e viver isto ao vivo&#8221;, afirmou Korreck.<\/p>\n<p>&#8220;As imagens s\u00e3o bonitas, mas n\u00e3o fazem justi\u00e7a \u00e0 experi\u00eancia vivida com todo o corpo.&#8221;<\/p>\n<p>Korreck integra uma equipa que se dedica \u00e0 ci\u00eancia tornada poss\u00edvel quando a Lua tapa o Sol, incluindo estudos da coroa solar, a camada mais externa da atmosfera do Sol.<\/p>\n<p>Enquanto a NASA vai utilizar equipamento sens\u00edvel para estudar a coroa solar, ser\u00e1 poss\u00edvel ver esses filamentos esguios a olho nu durante a totalidade.<\/p>\n<p>Se o c\u00e9u estiver limpo no local escolhido para observar o eclipse, ser\u00e1 ainda poss\u00edvel ver estrelas muito brilhantes e at\u00e9 alguns planetas.<\/p>\n<p>A diferen\u00e7a n\u00e3o ser\u00e1 apenas vis\u00edvel: tamb\u00e9m se sente, j\u00e1 que a temperatura pode descer at\u00e9 10 \u00baC enquanto o Sol est\u00e1 encoberto pela Lua.<\/p>\n<p>&#8220;O c\u00e9rebro humano tende a interpretar [o eclipse] como algo estranho e pode surgir alguma ansiedade ou medo, porque est\u00e1 a ficar escuro de uma forma a que n\u00e3o estamos habituados&#8221;, observa Korreck.<\/p>\n<p>&#8220;Ficamos perplexos. Mas quando se atinge a totalidade e se observa esta parte externa do Sol, que n\u00e3o vemos no dia a dia, o efeito \u00e9 impressionante. Por muitas vezes que se veja, apetece sempre voltar a ver.&#8221;<\/p>\n<p>Como observar o eclipse em seguran\u00e7a<\/p>\n<p>Proteger devidamente os olhos \u00e9 essencial para ver um eclipse em seguran\u00e7a. Exceto no per\u00edodo de totalidade, quando o Sol est\u00e1 completamente coberto pela Lua, \u00e9 obrigat\u00f3rio usar \u00f3culos espec\u00edficos para observa\u00e7\u00e3o solar.<\/p>\n<p>Esses \u00f3culos devem cumprir a norma internacional ISO 12312-2 e s\u00e3o milhares de vezes mais escuros do que os \u00f3culos de sol comuns.<\/p>\n<p>Em alternativa, pode usar um projetor de orif\u00edcio, que pode ser t\u00e3o simples como entrela\u00e7ar as m\u00e3os e deixar passar a luz, para ver a imagem do Sol projetada no ch\u00e3o.<\/p>\n<p>O <a href=\"https:\/\/science.nasa.gov\/eclipses\/safety\/\" target=\"_blank\" rel=\"noreferrer nofollow noopener\">site da NASA (fonte em ingl\u00eas)<\/a> apresenta conselhos de seguran\u00e7a detalhados, incluindo instru\u00e7\u00f5es para construir um projetor de eclipse em casa.<\/p>\n","protected":false},"excerpt":{"rendered":"O astroturismo tem sido uma das maiores tend\u00eancias de viagem dos \u00faltimos cinco anos e n\u00e3o d\u00e1 sinais&hellip;\n","protected":false},"author":2,"featured_media":314215,"comment_status":"","ping_status":"","sticky":false,"template":"","format":"standard","meta":{"footnotes":"","_share_on_mastodon":"0"},"categories":[84],"tags":[109,107,108,55608,4515,55609,32,33,105,103,104,106,110],"class_list":["post-314214","post","type-post","status-publish","format-standard","has-post-thumbnail","category-ciencia-e-tecnologia","tag-ciencia","tag-ciencia-e-tecnologia","tag-cienciaetecnologia","tag-eclipse-total-do-sol","tag-egito","tag-luxor","tag-portugal","tag-pt","tag-science","tag-science-and-technology","tag-scienceandtechnology","tag-technology","tag-tecnologia"],"share_on_mastodon":{"url":"https:\/\/pubeurope.com\/@pt\/116272469536782606","error":""},"_links":{"self":[{"href":"https:\/\/www.europesays.com\/pt\/wp-json\/wp\/v2\/posts\/314214","targetHints":{"allow":["GET"]}}],"collection":[{"href":"https:\/\/www.europesays.com\/pt\/wp-json\/wp\/v2\/posts"}],"about":[{"href":"https:\/\/www.europesays.com\/pt\/wp-json\/wp\/v2\/types\/post"}],"author":[{"embeddable":true,"href":"https:\/\/www.europesays.com\/pt\/wp-json\/wp\/v2\/users\/2"}],"replies":[{"embeddable":true,"href":"https:\/\/www.europesays.com\/pt\/wp-json\/wp\/v2\/comments?post=314214"}],"version-history":[{"count":0,"href":"https:\/\/www.europesays.com\/pt\/wp-json\/wp\/v2\/posts\/314214\/revisions"}],"wp:featuredmedia":[{"embeddable":true,"href":"https:\/\/www.europesays.com\/pt\/wp-json\/wp\/v2\/media\/314215"}],"wp:attachment":[{"href":"https:\/\/www.europesays.com\/pt\/wp-json\/wp\/v2\/media?parent=314214"}],"wp:term":[{"taxonomy":"category","embeddable":true,"href":"https:\/\/www.europesays.com\/pt\/wp-json\/wp\/v2\/categories?post=314214"},{"taxonomy":"post_tag","embeddable":true,"href":"https:\/\/www.europesays.com\/pt\/wp-json\/wp\/v2\/tags?post=314214"}],"curies":[{"name":"wp","href":"https:\/\/api.w.org\/{rel}","templated":true}]}}