{"id":31502,"date":"2025-08-16T06:49:07","date_gmt":"2025-08-16T06:49:07","guid":{"rendered":"https:\/\/www.europesays.com\/pt\/31502\/"},"modified":"2025-08-16T06:49:07","modified_gmt":"2025-08-16T06:49:07","slug":"festival-de-gramado-abre-com-homenagem-a-rodrigo-santoro-15-08-2025-ilustrada","status":"publish","type":"post","link":"https:\/\/www.europesays.com\/pt\/31502\/","title":{"rendered":"Festival de Gramado abre com homenagem a Rodrigo Santoro &#8211; 15\/08\/2025 &#8211; Ilustrada"},"content":{"rendered":"<p>O 53\u00ba <a href=\"https:\/\/www1.folha.uol.com.br\/folha-topicos\/festival-de-gramado\/\" rel=\"nofollow noopener\" target=\"\">Festival de Cinema de Gramado<\/a> come\u00e7ou nesta sexta (15) com uma dose dupla de <a href=\"https:\/\/www1.folha.uol.com.br\/folha-topicos\/rodrigo-santoro\/\" rel=\"nofollow noopener\" target=\"\">Rodrigo Santoro<\/a>.<\/p>\n<p>Ap\u00f3s o tradicional tapete vermelho \u2014que na verdade \u00e9 azul\u2014 onde desfilam atores e atrizes do cinema brasileiro, o ator subiu ao palco do <a href=\"https:\/\/www1.folha.uol.com.br\/ilustrada\/2025\/05\/como-sera-participacao-do-brasil-no-festival-de-cannes-apos-o-pais-ganhar-o-oscar.shtml\" rel=\"nofollow noopener\" target=\"\">Pal\u00e1cio dos Festivais,<\/a> como \u00e9 chamada a \u00fanica sala de cinema da cidade, para receber o <a href=\"https:\/\/www1.folha.uol.com.br\/ilustrada\/2025\/08\/festival-de-gramado-tem-dez-filmes-em-competicao-com-paulo-freire-e-caca-diegues.shtml\" rel=\"nofollow noopener\" target=\"\">Kikito de Cristal<\/a>.<\/p>\n<p>&#8220;Gramado foi o primeiro festival que eu frequentei como espectador, ent\u00e3o \u00e9 muito importante para mim. O reconhecimento em casa n\u00e3o celebra apenas meu trabalho, mas todos que caminharam ao meu lado. Eu divido com todos&#8221;, afirmou Santoro ao receber o trof\u00e9u. &#8220;E dedico esse pr\u00eamio ao cinema independente brasileiro.&#8221;<\/p>\n<p>A premia\u00e7\u00e3o \u00e9 reservada para expoentes da ind\u00fastria cinematogr\u00e1fica nacional que conquistem destaque na carreira internacional.<\/p>\n<p>Em seguida, foi exibido &#8220;<a href=\"https:\/\/www1.folha.uol.com.br\/ilustrada\/2025\/02\/filme-brasileiro-exibido-em-berlim-torna-a-amazonia-em-refugio-para-corpos-velhos.shtml\" rel=\"nofollow noopener\" target=\"\">O \u00daltimo Azul<\/a>&#8221; filme estrelado por Santoro que venceu o <a href=\"https:\/\/www1.folha.uol.com.br\/ilustrada\/2025\/02\/filme-brasileiro-o-ultimo-azul-leva-o-grande-premio-do-juri-no-festival-de-berlim.shtml\" rel=\"nofollow noopener\" target=\"\">Urso de Prata<\/a> no <a href=\"https:\/\/www1.folha.uol.com.br\/folha-topicos\/festival-de-berlim\/\" rel=\"nofollow noopener\" target=\"\">Festival de Berlim<\/a> deste ano.<\/p>\n<p>A ele, se juntaram a atriz <a href=\"https:\/\/www1.folha.uol.com.br\/ilustrada\/2017\/06\/1895082-com-denise-weinberg-peca-de-newton-moreno-reflete-sobre-ritual-da-morte.shtml\" rel=\"nofollow noopener\" target=\"\">Denise Weinberg<\/a>, tamb\u00e9m protagonista do longa, o diretor <a href=\"https:\/\/www1.folha.uol.com.br\/ilustrada\/2019\/06\/gabriel-mascaro-reafirma-talento-para-provocacao-com-ataque-frontal-a-valores-carolas.shtml\" rel=\"nofollow noopener\" target=\"\">Gabriel Mascaro<\/a> e demais integrantes da equipe do filme, incluindo quatro atores da <a href=\"https:\/\/www1.folha.uol.com.br\/folha-topicos\/amazonia\/\" rel=\"nofollow noopener\" target=\"\">Amaz\u00f4nia<\/a>.<\/p>\n<p>Outras celebridades que passar\u00e3o por Gramado neste ano s\u00e3o <a href=\"https:\/\/www1.folha.uol.com.br\/colunas\/monicabergamo\/2025\/03\/documentario-de-barbara-paz-sobre-enchentes-no-sul-vai-estrear-no-e-tudo-verdade.shtml\" rel=\"nofollow noopener\" target=\"\">B\u00e1rbara Paz<\/a>, <a href=\"https:\/\/f5.folha.uol.com.br\/celebridades\/2023\/01\/apos-12-anos-de-casa-bruna-linzmeyer-nao-e-mais-funcionaria-da-globo.shtml\" rel=\"nofollow noopener\" target=\"\">Bruna Linzmeyer<\/a>, <a href=\"https:\/\/www1.folha.uol.com.br\/ilustrada\/2025\/02\/com-caio-blat-os-irmaos-karamazov-transforma-obra-de-dostoevski-em-evento-pop.shtml\" rel=\"nofollow noopener\" target=\"\">Caio Blat<\/a>, <a href=\"https:\/\/f5.folha.uol.com.br\/celebridades\/carnaval\/2025\/03\/hoje-a-gente-nao-relaxa-e-um-dia-especial-diz-camila-morgado-sobre-oscar-e-carnaval.shtml\" rel=\"nofollow noopener\" target=\"\">Camila Morgado<\/a>, Claudete Troiano, <a href=\"https:\/\/f5.folha.uol.com.br\/celebridades\/2023\/09\/danielle-winits-se-declara-para-ex-marido-andre-goncalves-apos-separacao-conta-comigo.shtml\" rel=\"nofollow noopener\" target=\"\">Danielle Winits<\/a>, <a href=\"https:\/\/www1.folha.uol.com.br\/blogs\/mise-en-scene\/2025\/08\/denise-fraga-e-tony-ramos-criam-conexao-unica-com-publico-em-peca-sobre-os-lacos-que-nos-unem.shtml\" rel=\"nofollow noopener\" target=\"\">Denise Fraga<\/a>, Edson Celulari, <a href=\"https:\/\/www1.folha.uol.com.br\/fsp\/cotidian\/ff040132.htm\" rel=\"nofollow noopener\" target=\"\">Eduardo Moscovis<\/a>, Gero Camilo, <a href=\"https:\/\/f5.folha.uol.com.br\/musica\/2023\/10\/leo-jaime-e-a-formula-do-amor-cantor-faz-40-anos-de-carreira-colecionando-amigos.shtml\" rel=\"nofollow noopener\" target=\"\">Leo Jaime<\/a>, Malu Galli, <a href=\"https:\/\/www1.folha.uol.com.br\/ilustrada\/2025\/05\/marcelia-cartaxo-retorna-ao-mundo-de-clarice-lispector-e-repensa-a-idade-e-o-feminino.shtml\" rel=\"nofollow noopener\" target=\"\">Marc\u00e9lia Cartaxo<\/a> e <a href=\"https:\/\/guia.folha.uol.com.br\/teatro\/2025\/07\/marisa-orth-e-miguel-falabella-se-reencontram-em-peca-de-teatro-que-estreia-em-sao-paulo.shtml\" rel=\"nofollow noopener\" target=\"\">Miguel Falabella<\/a>.<\/p>\n<p>O festival vai at\u00e9 o s\u00e1bado da pr\u00f3xima semana, quando ser ser\u00e3o conhecidos os melhores longas de fic\u00e7\u00e3o e documental, curtas-metragens e produ\u00e7\u00f5es ga\u00fachas.<\/p>\n","protected":false},"excerpt":{"rendered":"O 53\u00ba Festival de Cinema de Gramado come\u00e7ou nesta sexta (15) com uma dose dupla de Rodrigo Santoro.&hellip;\n","protected":false},"author":2,"featured_media":31503,"comment_status":"","ping_status":"","sticky":false,"template":"","format":"standard","meta":{"footnotes":""},"categories":[145],"tags":[4354,10261,7242,211,210,470,6724,4414,10260,4393,114,115,1203,10258,236,10263,753,10259,997,10262,2926,4379,5267,32,33,5062],"class_list":{"0":"post-31502","1":"post","2":"type-post","3":"status-publish","4":"format-standard","5":"has-post-thumbnail","7":"category-celebridades","8":"tag-barbara-paz","9":"tag-bruna-linzmeyer","10":"tag-caio-blat","11":"tag-celebridades","12":"tag-celebrities","13":"tag-cinema","14":"tag-cinema-brasileiro","15":"tag-cinema-nacional","16":"tag-denise-fraga","17":"tag-eduardo-moscovis","18":"tag-entertainment","19":"tag-entretenimento","20":"tag-festival-de-cinema","21":"tag-festival-de-gramado","22":"tag-folha","23":"tag-gero-camilo","24":"tag-globo","25":"tag-gramado","26":"tag-homenagem","27":"tag-leo-jaime","28":"tag-malu-galli","29":"tag-miguel-falabella","30":"tag-mostra-de-cinema","31":"tag-portugal","32":"tag-pt","33":"tag-rodrigo-santoro"},"share_on_mastodon":{"url":"","error":""},"_links":{"self":[{"href":"https:\/\/www.europesays.com\/pt\/wp-json\/wp\/v2\/posts\/31502","targetHints":{"allow":["GET"]}}],"collection":[{"href":"https:\/\/www.europesays.com\/pt\/wp-json\/wp\/v2\/posts"}],"about":[{"href":"https:\/\/www.europesays.com\/pt\/wp-json\/wp\/v2\/types\/post"}],"author":[{"embeddable":true,"href":"https:\/\/www.europesays.com\/pt\/wp-json\/wp\/v2\/users\/2"}],"replies":[{"embeddable":true,"href":"https:\/\/www.europesays.com\/pt\/wp-json\/wp\/v2\/comments?post=31502"}],"version-history":[{"count":0,"href":"https:\/\/www.europesays.com\/pt\/wp-json\/wp\/v2\/posts\/31502\/revisions"}],"wp:featuredmedia":[{"embeddable":true,"href":"https:\/\/www.europesays.com\/pt\/wp-json\/wp\/v2\/media\/31503"}],"wp:attachment":[{"href":"https:\/\/www.europesays.com\/pt\/wp-json\/wp\/v2\/media?parent=31502"}],"wp:term":[{"taxonomy":"category","embeddable":true,"href":"https:\/\/www.europesays.com\/pt\/wp-json\/wp\/v2\/categories?post=31502"},{"taxonomy":"post_tag","embeddable":true,"href":"https:\/\/www.europesays.com\/pt\/wp-json\/wp\/v2\/tags?post=31502"}],"curies":[{"name":"wp","href":"https:\/\/api.w.org\/{rel}","templated":true}]}}