{"id":31506,"date":"2025-08-16T06:56:33","date_gmt":"2025-08-16T06:56:33","guid":{"rendered":"https:\/\/www.europesays.com\/pt\/31506\/"},"modified":"2025-08-16T06:56:33","modified_gmt":"2025-08-16T06:56:33","slug":"lacen-es-e-destaque-no-ii-encontro-da-rede-genomica-da-fiocruz","status":"publish","type":"post","link":"https:\/\/www.europesays.com\/pt\/31506\/","title":{"rendered":"Lacen-ES \u00e9 destaque no II Encontro da Rede Gen\u00f4mica da Fiocruz"},"content":{"rendered":"<p>O Esp\u00edrito Santo se destacou como refer\u00eancia nacional na vigil\u00e2ncia em sa\u00fade, liderando o sequenciamento gen\u00f4mico de v\u00edrus de interesse para a sa\u00fade p\u00fablica no Brasil. O Laborat\u00f3rio Central de Sa\u00fade P\u00fablica do Esp\u00edrito Santo (Lacen-ES) foi um dos protagonistas do II Encontro da Rede Gen\u00f4mica da Fiocruz, realizado nesta quinta-feira (14), no Instituto Oswaldo Cruz, no Rio de Janeiro (RJ).<\/p>\n<p>\u00a0<\/p>\n<p>O Lacen-ES tem se destacado no sequenciamento gen\u00e9tico de diversos v\u00edrus, identificando c\u00f3digos gen\u00e9ticos, muta\u00e7\u00f5es e outras informa\u00e7\u00f5es cruciais sobre esses organismos. Desde 2024, o laborat\u00f3rio capixaba sequenciou 1.303 amostras de arbov\u00edrus \u2014 como Dengue, Chikungunya e Oropouche \u2014, representando 26% do total de 5.000 genomas depositados em bancos de dados gen\u00f4micos mundiais pelo Brasil. Esse desempenho \u00e9 resultado de um moderno parque tecnol\u00f3gico, equipado com sequenciadores NGS de \u00faltima gera\u00e7\u00e3o e uma equipe altamente especializada.<\/p>\n<p>\u00a0<\/p>\n<p>O trabalho do Lacen-ES \u00e9 essencial para que as autoridades de sa\u00fade monitorem o comportamento dos v\u00edrus no estado, permitindo respostas r\u00e1pidas em cen\u00e1rios end\u00eamicos. A vigil\u00e2ncia gen\u00f4mica abrange pat\u00f3genos como SARS-CoV-2 (Covid-19), influenza, febre Oropouche, coqueluche e tuberculose, entre outros. \u201cO volume de amostras sequenciadas garantiu ao Lacen-ES o convite para apresentar seus dados no simp\u00f3sio da Fiocruz. Nossa equipe j\u00e1 publicou oito artigos sobre Covid-19 e febre Oropouche em revistas internacionais\u201d, destacou o diretor do Lacen-ES, Rodrigo Ribeiro.<\/p>\n<p>\u00a0<\/p>\n<p>Durante o evento, Rodrigo Ribeiro apresentou o cen\u00e1rio da vigil\u00e2ncia gen\u00f4mica capixaba, incluindo o mapeamento gen\u00f4mico de cinco v\u00edrus (SARS-CoV-2, DENV 1-4, CHIKV, OROV e ZIKV), al\u00e9m da an\u00e1lise de 280 pat\u00f3genos respirat\u00f3rios e a identifica\u00e7\u00e3o de cerca de 2.000 marcadores de resist\u00eancia antimicrobiana (AMR). \u201cDesde 2023, com a incorpora\u00e7\u00e3o dessa tecnologia ao nosso parque tecnol\u00f3gico, conseguimos tra\u00e7ar a evolu\u00e7\u00e3o do Covid-19, acompanhar suas muta\u00e7\u00f5es e identificar o surgimento de novas variantes\u201d, afirmou Ribeiro. Esses dados impulsionam avan\u00e7os tanto na ci\u00eancia quanto na gest\u00e3o da sa\u00fade, otimizando o cuidado com os pacientes.<\/p>\n<p>\u00a0<\/p>\n<p><strong>Reconhecimento nacional<\/strong><\/p>\n<p>O Lacen-ES \u00e9 o laborat\u00f3rio de sa\u00fade p\u00fablica com o maior n\u00famero de ensaios acreditados pelo Inmetro (ISO 17025:2017) no Brasil, totalizando mais de 92 ensaios certificados com padr\u00f5es internacionais de qualidade. Em 2019, foi selecionado pelo Minist\u00e9rio da Sa\u00fade como um dos cinco laborat\u00f3rios de refer\u00eancia regional para tuberculose e micobact\u00e9rias n\u00e3o tuberculosas. Durante a pandemia de Covid-19, destacou-se como um dos laborat\u00f3rios mais \u00e1geis do pa\u00eds, liberando a maioria dos exames em 24 a 36 horas.<\/p>\n<p>\u00a0<\/p>\n<p>\u00a0<\/p>\n<p><strong>Informa\u00e7\u00f5es \u00e0 Imprensa:<\/strong><\/p>\n<p>Assessoria de Comunica\u00e7\u00e3o da Sesa<\/p>\n<p>Syria Luppi \/ Luciana Almeida \/ Danielly Campos \/ Tha\u00edsa C\u00f4rtes \/ Ana Cl\u00e1udia dos Santos<\/p>\n<p><a href=\"https:\/\/saude.es.gov.br\/Not%C3%ADcia\/mailto:imprensa@saude.es.gov.br\" rel=\"nofollow noopener\" target=\"_blank\">imprensa@saude.es.gov.br<\/a><\/p>\n","protected":false},"excerpt":{"rendered":"O Esp\u00edrito Santo se destacou como refer\u00eancia nacional na vigil\u00e2ncia em sa\u00fade, liderando o sequenciamento gen\u00f4mico de v\u00edrus&hellip;\n","protected":false},"author":2,"featured_media":31507,"comment_status":"","ping_status":"","sticky":false,"template":"","format":"standard","meta":{"footnotes":""},"categories":[86],"tags":[924,116,32,33,117,10254],"class_list":{"0":"post-31506","1":"post","2":"type-post","3":"status-publish","4":"format-standard","5":"has-post-thumbnail","7":"category-saude","8":"tag-governo-do-estado-do-espirito-santo","9":"tag-health","10":"tag-portugal","11":"tag-pt","12":"tag-saude","13":"tag-sesa"},"share_on_mastodon":{"url":"","error":""},"_links":{"self":[{"href":"https:\/\/www.europesays.com\/pt\/wp-json\/wp\/v2\/posts\/31506","targetHints":{"allow":["GET"]}}],"collection":[{"href":"https:\/\/www.europesays.com\/pt\/wp-json\/wp\/v2\/posts"}],"about":[{"href":"https:\/\/www.europesays.com\/pt\/wp-json\/wp\/v2\/types\/post"}],"author":[{"embeddable":true,"href":"https:\/\/www.europesays.com\/pt\/wp-json\/wp\/v2\/users\/2"}],"replies":[{"embeddable":true,"href":"https:\/\/www.europesays.com\/pt\/wp-json\/wp\/v2\/comments?post=31506"}],"version-history":[{"count":0,"href":"https:\/\/www.europesays.com\/pt\/wp-json\/wp\/v2\/posts\/31506\/revisions"}],"wp:featuredmedia":[{"embeddable":true,"href":"https:\/\/www.europesays.com\/pt\/wp-json\/wp\/v2\/media\/31507"}],"wp:attachment":[{"href":"https:\/\/www.europesays.com\/pt\/wp-json\/wp\/v2\/media?parent=31506"}],"wp:term":[{"taxonomy":"category","embeddable":true,"href":"https:\/\/www.europesays.com\/pt\/wp-json\/wp\/v2\/categories?post=31506"},{"taxonomy":"post_tag","embeddable":true,"href":"https:\/\/www.europesays.com\/pt\/wp-json\/wp\/v2\/tags?post=31506"}],"curies":[{"name":"wp","href":"https:\/\/api.w.org\/{rel}","templated":true}]}}