{"id":31534,"date":"2025-08-16T07:26:11","date_gmt":"2025-08-16T07:26:11","guid":{"rendered":"https:\/\/www.europesays.com\/pt\/31534\/"},"modified":"2025-08-16T07:26:11","modified_gmt":"2025-08-16T07:26:11","slug":"caracol-que-regenera-os-olhos-pode-ajudar-em-tratamentos-para-humanos","status":"publish","type":"post","link":"https:\/\/www.europesays.com\/pt\/31534\/","title":{"rendered":"Caracol que regenera os olhos pode ajudar em tratamentos para humanos"},"content":{"rendered":"<p class=\"category\"><a href=\"https:\/\/sicnoticias.pt\/ciencia\" rel=\"nofollow noopener\" target=\"_blank\">Ci\u00eancia<\/a><\/p>\n<p>Semelhan\u00e7as anat\u00f3micas e gen\u00e9ticas entre os olhos deste caracol e os humanos t\u00eam potencial para o desenvolvimento de novas terapias de recupera\u00e7\u00e3o da vis\u00e3o em pessoas com les\u00f5es oculares.<\/p>\n<p><img decoding=\"async\" src=\"https:\/\/www.europesays.com\/pt\/wp-content\/uploads\/2025\/08\/1755329171_593_original.webp\" alt=\"Um caracol aqu\u00e1tico chamado Aru\u00e1 consegue regenerar um olho perdido ou com problemas\"\/><\/p>\n<p>Um caracol aqu\u00e1tico chamado Aru\u00e1 consegue regenerar um olho perdido ou com problemas<\/p>\n<p>Alice Accorsi, UC Davis<\/p>\n<p style=\"text-align: start;\"><strong>Um caracol aqu\u00e1tico da Am\u00e9rica do Sul consegue regenerar os olhos em poucas semanas. Investigadores acreditam que esta capacidade pode abrir caminho para novas terapias de recupera\u00e7\u00e3o da vis\u00e3o em humanos.<\/strong><\/p>\n<p style=\"text-align: start;\">O caracol ampul\u00e1ria (Pomacea canaliculata) regenera totalmente os olhos ap\u00f3s les\u00e3o ou perda, num processo que dura cerca de um m\u00eas.\u00a0<\/p>\n<p style=\"text-align: start;\">Um estudo da Universidade da Calif\u00f3rnia Davis mostra que estes \u00f3rg\u00e3os partilham caracter\u00edsticas anat\u00f3micas e gen\u00e9ticas com os humanos, o que pode ajudar no desenvolvimento de tratamentos para les\u00f5es oculares.<\/p>\n<p>Um modelo para estudar a regenera\u00e7\u00e3o ocular<\/p>\n<p style=\"text-align: start;\">Os olhos humanos s\u00e3o complexos e irrepar\u00e1veis, mas t\u00eam semelhan\u00e7as estruturais com os\u00a0do\u00a0caracol aqu\u00e1tico chamado ampul\u00e1ria ou aru\u00e1 (Pomacea canaliculata), que tem a capacidade de regenerar completamente os olhos, mesmo ap\u00f3s amputa\u00e7\u00e3o.<\/p>\n<p style=\"text-align: start;\">A investiga\u00e7\u00e3o liderada por Alice Accorsi, professora assistente de biologia molecular e celular na Universidade da Calif\u00f3rnia Davis, quer aplicar o conhecimento adquirido no caracol ao tratamento de les\u00f5es oculares em pessoas.<\/p>\n<p style=\"text-align: start;\">Num estudo publicado a 6 de agosto na\u00a0<a href=\"https:\/\/www.nature.com\/articles\/s41467-025-61681-6\" rel=\"nofollow noopener\" target=\"_blank\">Nature Communications<\/a>, a equipa mostra que os olhos do caracol e dos humanos partilham muitas caracter\u00edsticas anat\u00f3micas e gen\u00e9ticas.<\/p>\n<blockquote style=\"text-align: start;\"><p>\u201cOs carac\u00f3is ampul\u00e1ria s\u00e3o um organismo extraordin\u00e1rio. Oferecem uma oportunidade \u00fanica para estudar a regenera\u00e7\u00e3o de \u00f3rg\u00e3os sensoriais complexos. At\u00e9 agora n\u00e3o t\u00ednhamos um organismo para estudar a regenera\u00e7\u00e3o completa dos olhos\u201d, <a href=\"https:\/\/biology.ucdavis.edu\/news\/snails-eyes-grow-back-could-they-help-humans-do-same\" target=\"_blank\" rel=\"noopener noreferrer nofollow\">disse Accorsi em comunicado<\/a>.<\/p><\/blockquote>\n<p style=\"text-align: start;\">Al\u00e9m disso, os investigadores desenvolveram m\u00e9todos para editar o genoma do caracol, o que permite explorar os mecanismos gen\u00e9ticos e moleculares respons\u00e1veis por esta capacidade.<\/p>\n<p>Um caracol com um ritmo acelerado<\/p>\n<p style=\"text-align: start;\">Origin\u00e1rio da Am\u00e9rica do Sul, este caracol \u00e9, hoje em dia,\u00a0uma esp\u00e9cie invasora em v\u00e1rias regi\u00f5es do mundo. Mas, como explica a investigadora, as caracter\u00edsticas que o tornam t\u00e3o dif\u00edcil de controlar na natureza &#8211; resili\u00eancia, ciclo reprodutivo curto e grande n\u00famero de crias &#8211;\u00a0 fazem deles excelente animal de laborat\u00f3rio.<\/p>\n<p style=\"text-align: start;\">As capacidades regenerativas dos carac\u00f3is s\u00e3o conhecidas h\u00e1 s\u00e9culos: j\u00e1 em 1766 foi descrito que carac\u00f3is de jardim decapitados conseguiam regenerar a cabe\u00e7a. Contudo, esta \u00e9 a primeira vez que um investigador utiliza essa caracter\u00edstica para estudar especificamente a regenera\u00e7\u00e3o ocular.<\/p>\n<p>Nature Communications<\/p>\n<p>Olhos como c\u00e2maras de alta resolu\u00e7\u00e3o<\/p>\n<p>Este caracol possui <a href=\"https:\/\/www.accorsilab.com\/research\" target=\"_blank\" rel=\"noopener noreferrer nofollow\">olhos do tipo c\u00e2mara<\/a> semelhantes aos dos seres humanos, que produzem imagens de alta resolu\u00e7\u00e3o\u00a0e t\u00eam uma estrutura que inclui c\u00f3rnea, lente e retina, onde milh\u00f5es de c\u00e9lulas fotorrecetoras detetam a luz. Este tipo de olho existe em todos os vertebrados, algumas aranhas, lulas, polvos e certos carac\u00f3is.<\/p>\n<p>A equipa utilizou disse\u00e7\u00e3o, microscopia e an\u00e1lise gen\u00f3mica para demonstrar que os olhos do caracol ampul\u00e1ria s\u00e3o anat\u00f3mica e geneticamente semelhantes aos humanos.<\/p>\n<blockquote><p>\u201cTrabalh\u00e1mos arduamente para mostrar que muitos genes envolvidos no desenvolvimento do olho humano tamb\u00e9m est\u00e3o presentes no caracol. Ap\u00f3s a regenera\u00e7\u00e3o, a morfologia e a express\u00e3o gen\u00e9tica do novo olho s\u00e3o praticamente id\u00eanticas \u00e0s do original\u201d, explicou Accorsi.<\/p><\/blockquote>\n<p>O processo de regenera\u00e7\u00e3o<\/p>\n<p>A regenera\u00e7\u00e3o ocular no caracol demora cerca de um m\u00eas e ocorre em v\u00e1rias fases: primeiro, a ferida cicatriza para evitar infe\u00e7\u00e3o e perda de fluidos, o que demora 24 horas; depois, c\u00e9lulas n\u00e3o especializadas migram e proliferam na zona, especializando-se ao longo de cerca de 10 dias at\u00e9 formarem as estruturas oculares, incluindo cristalino e retina.\u00a0<\/p>\n<p>Ao 15.\u00ba dia, todas as partes est\u00e3o presentes, incluindo o nervo \u00f3tico, mas continuam a crescer e amadurecer durante v\u00e1rias semanas.<\/p>\n<blockquote><p>&#8220;Ainda n\u00e3o temos provas conclusivas de que conseguem ver imagens, mas anatomicamente possuem todos os componentes necess\u00e1rios. Queremos desenvolver um ensaio comportamental para perceber se processam est\u00edmulos com os novos olhos como faziam antes&#8221;, disse a investigadora.<\/p><\/blockquote>\n<p>O papel dos genes<\/p>\n<p>Al\u00e9m da semelhan\u00e7a estrutural dos olhos humanos e dos carac\u00f3is, ambas as esp\u00e9cies utilizam os mesmos genes para formar olhos &#8211; precisam do gene PAX6 para desenvolver estes \u00f3rg\u00e3o, descobriu Accorsi. Quando a investigadora desativou este gene, os carac\u00f3is n\u00e3o regeneraram olhos.<\/p>\n<p>Os carac\u00f3is possuem outros genes conhecidos por serem importantes no desenvolvimento do olho humano. O segredo para a regenera\u00e7\u00e3o dos olhos est\u00e1 provavelmente nos interruptores moleculares que controlam quando estes genes est\u00e3o ativos, afirmam os investigadores. \u00c9 poss\u00edvel que os humanos j\u00e1 possuam os mesmos interruptores e os investigadores apenas precisariam de os ativar no momento e local certos para regenerar os olhos, diz Accorsi. Ou a regenera\u00e7\u00e3o pode ser controlada por um ou mais interruptores que os carac\u00f3is possuem e os humanos n\u00e3o.<\/p>\n<p>O pr\u00f3ximo passo ser\u00e1 verificar se o\u00a0pax6\u00a0tamb\u00e9m interv\u00e9m na regenera\u00e7\u00e3o. Outros genes ligados a estruturas espec\u00edficas, como a retina e o cristalino, ou \u00e0 regula\u00e7\u00e3o do pr\u00f3prio\u00a0pax6, tamb\u00e9m est\u00e3o a ser estudados.<\/p>\n<blockquote><p>\u201cSe encontrarmos um conjunto de genes importantes para a regenera\u00e7\u00e3o ocular e estes existirem tamb\u00e9m nos vertebrados, poderemos, em teoria, ativ\u00e1-los para permitir a regenera\u00e7\u00e3o ocular nos humanos\u201d, concluiu Accorsi.<\/p><\/blockquote>\n","protected":false},"excerpt":{"rendered":"Ci\u00eancia Semelhan\u00e7as anat\u00f3micas e gen\u00e9ticas entre os olhos deste caracol e os humanos t\u00eam potencial para o desenvolvimento&hellip;\n","protected":false},"author":2,"featured_media":31535,"comment_status":"","ping_status":"","sticky":false,"template":"","format":"standard","meta":{"footnotes":""},"categories":[84],"tags":[109,107,108,32,33,105,103,104,106,110],"class_list":{"0":"post-31534","1":"post","2":"type-post","3":"status-publish","4":"format-standard","5":"has-post-thumbnail","7":"category-ciencia-e-tecnologia","8":"tag-ciencia","9":"tag-ciencia-e-tecnologia","10":"tag-cienciaetecnologia","11":"tag-portugal","12":"tag-pt","13":"tag-science","14":"tag-science-and-technology","15":"tag-scienceandtechnology","16":"tag-technology","17":"tag-tecnologia"},"share_on_mastodon":{"url":"","error":""},"_links":{"self":[{"href":"https:\/\/www.europesays.com\/pt\/wp-json\/wp\/v2\/posts\/31534","targetHints":{"allow":["GET"]}}],"collection":[{"href":"https:\/\/www.europesays.com\/pt\/wp-json\/wp\/v2\/posts"}],"about":[{"href":"https:\/\/www.europesays.com\/pt\/wp-json\/wp\/v2\/types\/post"}],"author":[{"embeddable":true,"href":"https:\/\/www.europesays.com\/pt\/wp-json\/wp\/v2\/users\/2"}],"replies":[{"embeddable":true,"href":"https:\/\/www.europesays.com\/pt\/wp-json\/wp\/v2\/comments?post=31534"}],"version-history":[{"count":0,"href":"https:\/\/www.europesays.com\/pt\/wp-json\/wp\/v2\/posts\/31534\/revisions"}],"wp:featuredmedia":[{"embeddable":true,"href":"https:\/\/www.europesays.com\/pt\/wp-json\/wp\/v2\/media\/31535"}],"wp:attachment":[{"href":"https:\/\/www.europesays.com\/pt\/wp-json\/wp\/v2\/media?parent=31534"}],"wp:term":[{"taxonomy":"category","embeddable":true,"href":"https:\/\/www.europesays.com\/pt\/wp-json\/wp\/v2\/categories?post=31534"},{"taxonomy":"post_tag","embeddable":true,"href":"https:\/\/www.europesays.com\/pt\/wp-json\/wp\/v2\/tags?post=31534"}],"curies":[{"name":"wp","href":"https:\/\/api.w.org\/{rel}","templated":true}]}}