{"id":31542,"date":"2025-08-16T07:34:20","date_gmt":"2025-08-16T07:34:20","guid":{"rendered":"https:\/\/www.europesays.com\/pt\/31542\/"},"modified":"2025-08-16T07:34:20","modified_gmt":"2025-08-16T07:34:20","slug":"inedito-afonso-leitao-emociona-se-ao-expor-o-que-sente-por-catarina-miranda-e-jessica-vieira-noticias-de-hoje-iol","status":"publish","type":"post","link":"https:\/\/www.europesays.com\/pt\/31542\/","title":{"rendered":"In\u00e9dito! Afonso Leit\u00e3o emociona-se ao expor o que sente por Catarina Miranda e J\u00e9ssica Vieira &#8211; Not\u00edcias de hoje &#8211; IOL"},"content":{"rendered":"<ol>\n<li><a href=\"https:\/\/news.google.com\/rss\/articles\/CBMi4AFBVV95cUxPV0w3YU8zd0ZBWDI1UGljeTMtUmUzLXVRUkpVU21YaGpzLXZRM2JIRFdKR1Zad1VwdTBNdUhXX1dZLTFGN01KSktEdzFvVmlvSjlTSG42REhibnFGTHNLMlZXZ3BEVWRUdWNsbzFPNURCVFVRRnVwWjdyNGhYSVNMZlplX1liNzh5REpJeVJZQlBuVzFSYlc0cXV2Z2Y3RWszQzZNYm92LWR6d0J5NWszV21MTWJsWG11RWU4T1MtSERrcVRQWTNvOFk3UHpYcWk4VEcwM2xlTXZJNVRvdXNDbw?oc=5\" target=\"_blank\" rel=\"nofollow noopener\">In\u00e9dito! Afonso Leit\u00e3o emociona-se ao expor o que sente por Catarina Miranda e J\u00e9ssica Vieira<\/a>&nbsp;&nbsp;Not\u00edcias de hoje &#8211; IOL<\/li>\n<li><a href=\"https:\/\/news.google.com\/rss\/articles\/CBMirwFBVV95cUxQcXA1MUowQlpmMkZSaTRBeDg4aGJGRjRTR1hzOHI5NWdMOTVzVHZYWUdOUWVuaHRTX0ZOLW8xSTAwRnVRTGxwQkZCcDZXSlRKRnRjRFVmeXpUeHRtcWFJUEotc0NPMC1LVzRoQTRhbUlrLXBYc01CSDZHOG5RQnI5UDJvMnhTNjY2R0ZvUjBUeGN0YWswRXpWNDY4RTlWbkF0aVppN1BvTERVUEtveFVr?oc=5\" target=\"_blank\" rel=\"nofollow noopener\">Comentadores do Big Brother Ver\u00e3o considera que a Catarina Miranda est\u00e1 &#8216;morta de ci\u00fames&#8217;<\/a>&nbsp;&nbsp;Dioguinho<\/li>\n<li><a href=\"https:\/\/news.google.com\/rss\/articles\/CBMiuAFBVV95cUxOSUVQWnM1U2RUZzRiQUJmdlMzU0dZWnZsblJhczl5U2lJSG12NG9xQUNUOVZkVHoyUEljMW1nRUMtb1FSTzRrdGxneFdlRG1zWW9ZRmUtVUYzQV82LTZtdElNVHR3UUNEbjNJVDlnLW4tT2ZKVnZWd0pHdGFnNXNUeVBhX1llX1RtTVh4aHZCYWVySnoxNndqVU1nN0ZuU19sUXl3ek5hQ05UeXVGZW1xNmdZZkV1Q0U20gGTA0FVX3lxTE9kWktLNkdydkhyWGM3aWFNbE9Wa0k0WUY2Y2cwUDE4R0lIVUR5Snd3c19CSm5qV2ZOaVRzU2s4UlJJRVRqWnpIeDV2V3psTy1FLWU2c2ttWV9NYVlUcGhJcHh5NWNkMGJHcUYwdHhCOVktQnowRTc2S2RkTVcxckZRY3JfT3RQUmlqdHpnSVRpSTl5cXRIcVV2empDN3RfYUF6MUhJLVdNYWpxVXNKWFoxZXNMS2NfUjhYa1QtRFA1R2NjLXp3czNoOTZ3YUVRR0tBaVRqSkpZc2VUVzV4R1BPM1dVNFhNaHRWbnNRYzV5WktBNHptV2hvQnllelFGSG1obk54YWxNaU93TVY4cTJoMmpNU0ROWGZhdHJneW9OSXBjWUp1Uk9vXzl4UjJnUEFnZFY0N0N5MTM2VjVTcXZIVXJNdWNOdVB0cE8yc3RRYWpVUGkwYW5sMUM2RFJORmdPY0dwQUduR1ZjQzNSV1dKaWFpdkFUSEN3TkpKekVFVGVWcUpMYzZKX2lVTWpMcHFkM3c?oc=5\" target=\"_blank\" rel=\"nofollow noopener\">J\u00e9ssica Vieira recorda \u201cprimeira trai\u00e7\u00e3o\u201d no Big Brother: \u201cAmei mais do que a mim pr\u00f3pria\u201d<\/a>&nbsp;&nbsp;A Televis\u00e3o<\/li>\n<li><a href=\"https:\/\/news.google.com\/rss\/articles\/CBMiqgFBVV95cUxNMV8yQnVYMzdnZmpmZzE2S2RIaWZMUUMwMHVQRWdpUjVCZGV1eXFYbkhhWmdkY1hwSmVWdzlQTHcxQ2N1MDdHcWstZlpzUWNkbWZ3NS1ZMlhfd3NvVGhlZ090UmZYT2ZDam5iUGZLenRhMTVwSmlkdmpRdElPQ3B0UXBsNzNtV1J0QWhGREdweFRFLWN5VEdESXBvMkoxQnlMV2dkdGFvU3BoZw?oc=5\" target=\"_blank\" rel=\"nofollow noopener\">Big Brother: J\u00e9ssica Vieira abre o cora\u00e7\u00e3o e esclarece mal-entendidos com Afonso Leit\u00e3o<\/a>&nbsp;&nbsp;infocul.pt<\/li>\n<li><a href=\"https:\/\/news.google.com\/rss\/articles\/CBMi2AFBVV95cUxQbjF2TVZ2endzSFhRNV8xMlRDOUlrXzhQck41MEd1UDRZNngxZXJmbkEzSEpSUzE5M1d4bnBGNl85MVBoT3NaUlBNcmVkNHg3dDNaY0huUFhfMXdpaWpGUjJMVDk2T1R6cDFCaERzd3JsMTRZa1BjMFB4dVVOR3Z0Uk9lU1FUN3JoaVRJdHRBN3Vkd25UODRRSVBFd09NUnNvczBXdFFBSV9EdV9JY251NUZZNVRtQTlmZ2lXQ2hsMFNzTHN1REI2SmxldzZ4TkZIeW5rcG1WTjg?oc=5\" target=\"_blank\" rel=\"nofollow noopener\">Miranda e Afonso contra Kina \u00abPlanta venenosa\u00bb. A concorrente responde \u00abAfinal havia outra\u00bb<\/a>&nbsp;&nbsp;Not\u00edcias de hoje &#8211; IOL<\/li>\n<\/ol>\n","protected":false},"excerpt":{"rendered":"In\u00e9dito! Afonso Leit\u00e3o emociona-se ao expor o que sente por Catarina Miranda e J\u00e9ssica Vieira&nbsp;&nbsp;Not\u00edcias de hoje &#8211;&hellip;\n","protected":false},"author":2,"featured_media":31543,"comment_status":"","ping_status":"","sticky":false,"template":"","format":"standard","meta":{"footnotes":""},"categories":[142],"tags":[114,115,488,13,32,33,151],"class_list":{"0":"post-31542","1":"post","2":"type-post","3":"status-publish","4":"format-standard","5":"has-post-thumbnail","7":"category-tv","8":"tag-entertainment","9":"tag-entretenimento","10":"tag-iol","11":"tag-noticias","12":"tag-portugal","13":"tag-pt","14":"tag-tv"},"share_on_mastodon":{"url":"","error":""},"_links":{"self":[{"href":"https:\/\/www.europesays.com\/pt\/wp-json\/wp\/v2\/posts\/31542","targetHints":{"allow":["GET"]}}],"collection":[{"href":"https:\/\/www.europesays.com\/pt\/wp-json\/wp\/v2\/posts"}],"about":[{"href":"https:\/\/www.europesays.com\/pt\/wp-json\/wp\/v2\/types\/post"}],"author":[{"embeddable":true,"href":"https:\/\/www.europesays.com\/pt\/wp-json\/wp\/v2\/users\/2"}],"replies":[{"embeddable":true,"href":"https:\/\/www.europesays.com\/pt\/wp-json\/wp\/v2\/comments?post=31542"}],"version-history":[{"count":0,"href":"https:\/\/www.europesays.com\/pt\/wp-json\/wp\/v2\/posts\/31542\/revisions"}],"wp:featuredmedia":[{"embeddable":true,"href":"https:\/\/www.europesays.com\/pt\/wp-json\/wp\/v2\/media\/31543"}],"wp:attachment":[{"href":"https:\/\/www.europesays.com\/pt\/wp-json\/wp\/v2\/media?parent=31542"}],"wp:term":[{"taxonomy":"category","embeddable":true,"href":"https:\/\/www.europesays.com\/pt\/wp-json\/wp\/v2\/categories?post=31542"},{"taxonomy":"post_tag","embeddable":true,"href":"https:\/\/www.europesays.com\/pt\/wp-json\/wp\/v2\/tags?post=31542"}],"curies":[{"name":"wp","href":"https:\/\/api.w.org\/{rel}","templated":true}]}}