{"id":31550,"date":"2025-08-16T07:40:37","date_gmt":"2025-08-16T07:40:37","guid":{"rendered":"https:\/\/www.europesays.com\/pt\/31550\/"},"modified":"2025-08-16T07:40:37","modified_gmt":"2025-08-16T07:40:37","slug":"esta-praia-quase-deserta-e-de-facil-acesso-e-o-sonho-de-quem-nao-gosta-de-confusoes","status":"publish","type":"post","link":"https:\/\/www.europesays.com\/pt\/31550\/","title":{"rendered":"Esta praia quase deserta e de f\u00e1cil acesso \u00e9 o sonho de quem n\u00e3o gosta de confus\u00f5es"},"content":{"rendered":"<p data-end=\"721\" data-start=\"291\">A <strong>Praia da Foz<\/strong>, localizada na costa oeste de <strong>Sesimbra<\/strong> entre o Cabo Espichel e a Praia das Bicas, \u00e9 um verdadeiro ref\u00fagio, com um pequeno areal, para quem procura calma e um ambiente pouco frequentado. Esta praia, <strong>encaixada numa pequena enseada entre fal\u00e9sias, oferece um acesso simples e praticamente direto<\/strong>: o estacionamento situa-se junto \u00e0 costa e o \u00fanico obst\u00e1culo \u00e9 atravessar um afloramento rochoso achatado.<\/p>\n<p data-end=\"1242\" data-start=\"723\">Al\u00e9m da facilidade de acesso, <strong>a sua fal\u00e9sia norte funciona como um p\u00e1ra-vento natural<\/strong>, cortando as nortadas mais frias \u2014 o que, aliado ao relativo desconhecimento do local mesmo por parte dos habitantes, torna este areal numa op\u00e7\u00e3o ideal para desfrutar de tranquilidade longe das multid\u00f5es. Contudo,<strong> \u00e9 importante ter cautela com o mar<\/strong>, que pode apresentar correntes fortes e estar por vezes agitado, especialmente pr\u00f3ximo da ponta sul rochosa.<\/p>\n<p data-end=\"1242\" data-start=\"723\">Este segredo nacional t\u00e3o bem guardado \u00e9 uma das praias de elei\u00e7\u00e3o de um famoso ex-concorrente de reality shows da TVI. Veja as fotos, na galeria em cima.<\/p>\n","protected":false},"excerpt":{"rendered":"A Praia da Foz, localizada na costa oeste de Sesimbra entre o Cabo Espichel e a Praia das&hellip;\n","protected":false},"author":2,"featured_media":31551,"comment_status":"","ping_status":"","sticky":false,"template":"","format":"standard","meta":{"footnotes":""},"categories":[85],"tags":[73,72,66,114,115,77,69,75,71,67,32,10280,10281,33,76,74,10282,70,35,78,68],"class_list":{"0":"post-31550","1":"post","2":"type-post","3":"status-publish","4":"format-standard","5":"has-post-thumbnail","7":"category-entretenimento","8":"tag-a-jornada","9":"tag-bate-bola","10":"tag-bom-dia-alegria","11":"tag-entertainment","12":"tag-entretenimento","13":"tag-estudio-estadio","14":"tag-fanaticos","15":"tag-livre-e-direto","16":"tag-nova-geracao","17":"tag-para-si","18":"tag-portugal","19":"tag-praia-da-foz","20":"tag-praia-deserta","21":"tag-pt","22":"tag-segredos-do-prazer","23":"tag-segue-o-jogo","24":"tag-sesimbra","25":"tag-super-craques","26":"tag-transferencias","27":"tag-v-fama","28":"tag-var-aberto"},"share_on_mastodon":{"url":"","error":""},"_links":{"self":[{"href":"https:\/\/www.europesays.com\/pt\/wp-json\/wp\/v2\/posts\/31550","targetHints":{"allow":["GET"]}}],"collection":[{"href":"https:\/\/www.europesays.com\/pt\/wp-json\/wp\/v2\/posts"}],"about":[{"href":"https:\/\/www.europesays.com\/pt\/wp-json\/wp\/v2\/types\/post"}],"author":[{"embeddable":true,"href":"https:\/\/www.europesays.com\/pt\/wp-json\/wp\/v2\/users\/2"}],"replies":[{"embeddable":true,"href":"https:\/\/www.europesays.com\/pt\/wp-json\/wp\/v2\/comments?post=31550"}],"version-history":[{"count":0,"href":"https:\/\/www.europesays.com\/pt\/wp-json\/wp\/v2\/posts\/31550\/revisions"}],"wp:featuredmedia":[{"embeddable":true,"href":"https:\/\/www.europesays.com\/pt\/wp-json\/wp\/v2\/media\/31551"}],"wp:attachment":[{"href":"https:\/\/www.europesays.com\/pt\/wp-json\/wp\/v2\/media?parent=31550"}],"wp:term":[{"taxonomy":"category","embeddable":true,"href":"https:\/\/www.europesays.com\/pt\/wp-json\/wp\/v2\/categories?post=31550"},{"taxonomy":"post_tag","embeddable":true,"href":"https:\/\/www.europesays.com\/pt\/wp-json\/wp\/v2\/tags?post=31550"}],"curies":[{"name":"wp","href":"https:\/\/api.w.org\/{rel}","templated":true}]}}