{"id":31554,"date":"2025-08-16T07:42:15","date_gmt":"2025-08-16T07:42:15","guid":{"rendered":"https:\/\/www.europesays.com\/pt\/31554\/"},"modified":"2025-08-16T07:42:15","modified_gmt":"2025-08-16T07:42:15","slug":"medo-da-agi-esta-a-levar-estudantes-de-harvard-e-do-mit-a-abandonar-os-estudos","status":"publish","type":"post","link":"https:\/\/www.europesays.com\/pt\/31554\/","title":{"rendered":"Medo da AGI est\u00e1 a levar estudantes de Harvard e do MIT a abandonar os estudos"},"content":{"rendered":"<p>Embora seja ainda um conceito, os avisos sobre os potenciais problemas da Intelig\u00eancia Artificial Geral (em ingl\u00eas, AGI) n\u00e3o param de surgir. Por isso, se h\u00e1 utilizadores com medo da tecnologia, sem entenderem claramente do que se trata, o que se dir\u00e1 de estudantes, que veem as potencialidades de perto?<\/p>\n<p><a target=\"_blank\" href=\"https:\/\/pplware.sapo.pt\/wp-content\/uploads\/2025\/08\/inteligencia_artificial-2.jpg\" onclick=\"refreshIframe()\" class=\"foobox\" rel=\"nofollow noopener\"><img fetchpriority=\"high\" decoding=\"async\" src=\"https:\/\/www.europesays.com\/pt\/wp-content\/uploads\/2025\/08\/inteligencia_artificial-2-720x405.jpg\" alt=\"\" width=\"720\" height=\"405\" class=\"aligncenter size-medium wp-image-1073037\"  \/><\/a>\n<\/p>\n<p>Conforme j\u00e1 <a target=\"_blank\" href=\"https:\/\/pplware.sapo.pt\/inteligencia-artificial\/o-que-e-uma-agi-nao-perca-o-fio-a-meada-e-atualize-o-seu-glossario-tecnologico\/\" rel=\"nofollow noopener\">explor\u00e1mos<\/a>, AGI \u00e9 sigla para Artificial General Intelligence (em portugu\u00eas, Intelig\u00eancia Artificial Geral) e \u00e9, concetualmente, o cl\u00edmax do desenvolvimento da Intelig\u00eancia Artificial (IA).<\/p>\n<p>Quer isto dizer que h\u00e1 quem considere que, em vez de termos \u00e0 disposi\u00e7\u00e3o uma tecnologia capaz de executar tarefas espec\u00edficas, teremos em m\u00e3os um sistema capaz de realizar qualquer tarefa que lhe seja atribu\u00edda.<\/p>\n<p>Al\u00e9m disso, com tempo e poder computacional suficientes, f\u00e1-la-\u00e1 de forma irrepreens\u00edvel &#8211; e, quem sabe, at\u00e9 melhor do que se fosse concretizada por um ser humano.<\/p>\n<p>Teoricamente, \u00e0 semelhan\u00e7a dos seres humanos, uma AGI deveria ser capaz de completar quase qualquer tarefa intelectual. Atualmente, o debate prende-se em perceber qual a defini\u00e7\u00e3o clara de AGI e quando atingiremos esse patamar, tecnologicamente.<\/p>\n<p>\u00a0<\/p>\n<p>Estudantes assustados com a AGI<\/p>\n<p>Apesar de &#8220;a extin\u00e7\u00e3o humana parecer muito improv\u00e1vel&#8221;, segundo Gary Marcus, professor em\u00e9rito da Universidade de Nova Iorque, que estuda a interse\u00e7\u00e3o entre psicologia e IA, h\u00e1 estudantes preocupados com as potencialidades da tecnologia.<\/p>\n<p>De facto, conforme disse, tamb\u00e9m, &#8220;trabalhar na seguran\u00e7a da IA \u00e9 nobre, e muito pouco trabalho atual forneceu respostas&#8221;.<\/p>\n<p><a target=\"_blank\" href=\"https:\/\/pplware.sapo.pt\/wp-content\/uploads\/2025\/03\/inteligencia_artificial_robo.jpg\" onclick=\"refreshIframe()\" class=\"foobox\" rel=\"nofollow noopener\"><img loading=\"lazy\" decoding=\"async\" src=\"https:\/\/www.europesays.com\/pt\/wp-content\/uploads\/2025\/08\/inteligencia_artificial_robo-720x405.jpg\" alt=\"\" width=\"720\" height=\"405\" class=\"aligncenter size-medium wp-image-1050347\"  \/><\/a><\/p>\n<p>Num artigo sobre o medo dos estudantes relativamente \u00e0 AGI, a <a target=\"_blank\" href=\"https:\/\/www.forbes.com\/sites\/victoriafeng\/2025\/08\/06\/fear-of-super-intelligent-ai-is-driving-harvard-and-mit-students-to-drop-out\/\" rel=\"nofollow noopener\">Forbes<\/a> come\u00e7ou por mencionar Alice Blair.<\/p>\n<p>Quando se matriculou no Instituto de Tecnologia de Massachusetts (em ingl\u00eas, MIT) como caloira, em 2023, estava animada para estudar ci\u00eancia da computa\u00e7\u00e3o e conhecer outras pessoas que se preocupavam em garantir que a IA fosse desenvolvida de uma forma que fosse boa para a humanidade.<\/p>\n<p>Contudo, alguns anos depois, a estudante est\u00e1 a tirar uma licen\u00e7a permanente, com medo da possibilidade de que o surgimento da AGI possa condenar humanidade.<\/p>\n<blockquote>\n<p>Eu estava preocupada de que talvez n\u00e3o estivesse viva para me formar por causa da AGI. Acho que, na grande maioria dos cen\u00e1rios, devido \u00e0 forma como estamos a trabalhar para a AGI, chegaremos \u00e0 extin\u00e7\u00e3o humana.<\/p>\n<\/blockquote>\n<p>Com contrato enquanto redatora de uma organiza\u00e7\u00e3o sem fins lucrativos focada em investiga\u00e7\u00f5es sobre a seguran\u00e7a da IA, Alice Blair n\u00e3o planeia voltar ao MIT e prev\u00ea que o seu futuro &#8220;est\u00e1 no mundo real&#8221;.<\/p>\n<p><a target=\"_blank\" href=\"https:\/\/pplware.sapo.pt\/wp-content\/uploads\/2025\/08\/inteligencia_artificial-1.jpg\" onclick=\"refreshIframe()\" class=\"foobox\" rel=\"nofollow noopener\"><img loading=\"lazy\" decoding=\"async\" src=\"https:\/\/www.europesays.com\/pt\/wp-content\/uploads\/2025\/08\/inteligencia_artificial-1-720x405.jpg\" alt=\"\" width=\"720\" height=\"405\" class=\"aligncenter size-medium wp-image-1073038\"  \/><\/a><\/p>\n<p>Segundo a Forbes, esta n\u00e3o \u00e9 a \u00fanica estudante com medo do potencial impacto da AGI, para a qual tantos investigadores e at\u00e9 empresas est\u00e3o, hoje em dia, a trabalhar.<\/p>\n<p>Ali\u00e1s, um <a target=\"_blank\" href=\"https:\/\/time.com\/6898967\/ai-extinction-national-security-risks-report\/?utm_source=pocket_saves\" rel=\"nofollow noopener\">relat\u00f3rio<\/a> encomendado pelo Departamento de Estado dos Estados Unidos, em 2024, refere que o risco de &#8220;extin\u00e7\u00e3o&#8221; \u00e9 poss\u00edvel, dada a rapidez com que a IA est\u00e1 a ser desenvolvida.<\/p>\n<blockquote>\n<p>Estou bastante preocupado com os riscos e acho que o mais importante \u00e9 trabalhar para mitig\u00e1-los. De forma um pouco mais ego\u00edsta, acho isso realmente interessante. Trabalho com as pessoas mais inteligentes que j\u00e1 conheci em problemas super importantes.<\/p>\n<\/blockquote>\n<p>Disse Adam Kaufman, estudante de f\u00edsica e ci\u00eancia da computa\u00e7\u00e3o, que deixou a Universidade de Harvard, no outono passado, para trabalhar em tempo integral na Redwood Research, uma organiza\u00e7\u00e3o sem fins lucrativos que analisa sistemas de IA enganosos que podem agir contra os interesses humanos.<\/p>\n<p>Por motivos semelhantes, o seu irm\u00e3o, colega de quarto e namorada afastaram-se, tamb\u00e9m, de Harvard e trabalham, atualmente, para a <a target=\"_blank\" href=\"https:\/\/pplware.sapo.pt\/tag\/openai\/\" rel=\"nofollow noopener\">OpenAI<\/a>.<\/p>\n<p>Apesar do medo de alguns estudantes, o professor Gary Marcus assegura que &#8220;\u00e9 extremamente improv\u00e1vel que a AGI chegue nos pr\u00f3ximos cinco anos&#8221;.<\/p>\n<p>Na sua perspetiva, fingir o contr\u00e1rio quando tantos problemas centrais (como alucina\u00e7\u00f5es e erros de racioc\u00ednio) permanecem sem solu\u00e7\u00e3o&#8221; \u00e9 apenas propaganda enganosa&#8221;.<\/p>\n","protected":false},"excerpt":{"rendered":"Embora seja ainda um conceito, os avisos sobre os potenciais problemas da Intelig\u00eancia Artificial Geral (em ingl\u00eas, AGI)&hellip;\n","protected":false},"author":2,"featured_media":31555,"comment_status":"","ping_status":"","sticky":false,"template":"","format":"standard","meta":{"footnotes":""},"categories":[83],"tags":[10283,88,89,90,7650,32,33],"class_list":{"0":"post-31554","1":"post","2":"type-post","3":"status-publish","4":"format-standard","5":"has-post-thumbnail","7":"category-empresas","8":"tag-agi","9":"tag-business","10":"tag-economy","11":"tag-empresas","12":"tag-inteligencia-artificial-geral","13":"tag-portugal","14":"tag-pt"},"share_on_mastodon":{"url":"","error":""},"_links":{"self":[{"href":"https:\/\/www.europesays.com\/pt\/wp-json\/wp\/v2\/posts\/31554","targetHints":{"allow":["GET"]}}],"collection":[{"href":"https:\/\/www.europesays.com\/pt\/wp-json\/wp\/v2\/posts"}],"about":[{"href":"https:\/\/www.europesays.com\/pt\/wp-json\/wp\/v2\/types\/post"}],"author":[{"embeddable":true,"href":"https:\/\/www.europesays.com\/pt\/wp-json\/wp\/v2\/users\/2"}],"replies":[{"embeddable":true,"href":"https:\/\/www.europesays.com\/pt\/wp-json\/wp\/v2\/comments?post=31554"}],"version-history":[{"count":0,"href":"https:\/\/www.europesays.com\/pt\/wp-json\/wp\/v2\/posts\/31554\/revisions"}],"wp:featuredmedia":[{"embeddable":true,"href":"https:\/\/www.europesays.com\/pt\/wp-json\/wp\/v2\/media\/31555"}],"wp:attachment":[{"href":"https:\/\/www.europesays.com\/pt\/wp-json\/wp\/v2\/media?parent=31554"}],"wp:term":[{"taxonomy":"category","embeddable":true,"href":"https:\/\/www.europesays.com\/pt\/wp-json\/wp\/v2\/categories?post=31554"},{"taxonomy":"post_tag","embeddable":true,"href":"https:\/\/www.europesays.com\/pt\/wp-json\/wp\/v2\/tags?post=31554"}],"curies":[{"name":"wp","href":"https:\/\/api.w.org\/{rel}","templated":true}]}}