{"id":31582,"date":"2025-08-16T08:10:09","date_gmt":"2025-08-16T08:10:09","guid":{"rendered":"https:\/\/www.europesays.com\/pt\/31582\/"},"modified":"2025-08-16T08:10:09","modified_gmt":"2025-08-16T08:10:09","slug":"whatsapp-revoluciona-chamadas-de-grupo-com-novas-ferramentas","status":"publish","type":"post","link":"https:\/\/www.europesays.com\/pt\/31582\/","title":{"rendered":"WhatsApp revoluciona chamadas de grupo com novas ferramentas"},"content":{"rendered":"<p>O WhatsApp anunciou um conjunto de novas funcionalidades destinadas a transformar a experi\u00eancia das chamadas de grupo. Quer torn\u00e1-las mais f\u00e1ceis de organizar e mais din\u00e2micas. As atualiza\u00e7\u00f5es introduzem a capacidade de agendar chamadas, novas formas de intera\u00e7\u00e3o durante as conversas e melhorias na gest\u00e3o das liga\u00e7\u00f5es de chamada.<\/p>\n<p><a target=\"_blank\" href=\"https:\/\/pplware.sapo.pt\/wp-content\/uploads\/2024\/11\/whatsapp_transcrever_mensagens_1.jpg\" onclick=\"refreshIframe()\" class=\"foobox\" rel=\"nofollow noopener\"><img fetchpriority=\"high\" decoding=\"async\" src=\"https:\/\/www.europesays.com\/pt\/wp-content\/uploads\/2025\/08\/whatsapp_transcrever_mensagens_1-1024x576.jpg\" alt=\"WhatsApp chamadas grupo ferramentas\" width=\"720\" height=\"405\" class=\"aligncenter size-large wp-image-1027760\"  \/><\/a>\n<\/p>\n<p>WhatsApp revoluciona chamadas de grupo<\/p>\n<p>A principal novidade \u00e9 a possibilidade de planear chamadas com anteced\u00eancia, uma ferramenta \u00fatil tanto para coordenar encontros familiares como para agendar reuni\u00f5es de trabalho. A empresa explica que, a partir de agora, os utilizadores podem &#8220;agendar chamadas e convidar pessoas ou grupos para aderir com anteced\u00eancia ao premir o bot\u00e3o + no separador Chamadas e selecionar &#8216;Agendar chamada'&#8221;.<\/p>\n<p>Esta nova funcionalidade permite uma gest\u00e3o centralizada e eficiente. Todas as chamadas agendadas ficam vis\u00edveis e podem ser geridas no separador &#8220;Chamadas&#8221;, que apresentar\u00e1 uma lista dos participantes e as respetivas liga\u00e7\u00f5es. Para maior conveni\u00eancia, estas liga\u00e7\u00f5es podem ser adicionadas diretamente ao calend\u00e1rio pessoal do utilizador ou partilhadas com outros contactos. O sistema garante ainda que &#8220;todos os participantes v\u00e3o receber uma notifica\u00e7\u00e3o quando uma chamada estiver prestes a come\u00e7ar&#8221;, assegurando que ningu\u00e9m perde o compromisso.<\/p>\n<p>Para al\u00e9m do planeamento, a interatividade durante as chamadas foi refor\u00e7ada. Os utilizadores disp\u00f5em agora de novas formas de participar sem interromper o fluxo da conversa. Foi introduzida a op\u00e7\u00e3o de &#8220;levantar a m\u00e3o&#8221;, um gesto virtual para indicar que se pretende falar, e a possibilidade de enviar rea\u00e7\u00f5es para expressar opini\u00f5es de forma r\u00e1pida e visual.<\/p>\n<p><a target=\"_blank\" href=\"https:\/\/pplware.sapo.pt\/wp-content\/uploads\/2025\/08\/whatsapp_chamadas_novidades.jpg\" onclick=\"refreshIframe()\" class=\"foobox\" rel=\"nofollow noopener\"><img loading=\"lazy\" decoding=\"async\" src=\"https:\/\/www.europesays.com\/pt\/wp-content\/uploads\/2025\/08\/whatsapp_chamadas_novidades-1024x576.jpg\" alt=\"WhatsApp chamadas grupo ferramentas\" width=\"720\" height=\"405\" class=\"aligncenter size-large wp-image-1073490\"  \/><\/a><\/p>\n<p>Traz com novas ferramentas interativas<\/p>\n<p>As liga\u00e7\u00f5es para chamadas tamb\u00e9m receberam uma atualiza\u00e7\u00e3o significativa. O criador de uma liga\u00e7\u00e3o ser\u00e1 agora notificado sempre que um novo participante se juntar \u00e0 chamada, facilitando o controlo sobre quem est\u00e1 presente, especialmente em grupos maiores ou mais abertos.<\/p>\n<p>A empresa fez quest\u00e3o de sublinhar que, apesar das novas funcionalidades, a seguran\u00e7a continua a ser uma prioridade m\u00e1xima, reiterando que todas as mensagens e chamadas pessoais no WhatsApp &#8220;s\u00e3o protegidas por encripta\u00e7\u00e3o ponto a ponto&#8221;.<\/p>\n<p>Com estas melhorias, o WhatsApp espera que as chamadas se tornem &#8220;ainda mais divertidas e produtivas&#8221;, mostrando-se dispon\u00edvel para receber o feedback dos utilizadores sobre as novas ferramentas implementadas. A atualiza\u00e7\u00e3o est\u00e1 a ser distribu\u00edda globalmente e dever\u00e1 ficar dispon\u00edvel para todos os utilizadores nos pr\u00f3ximos dias.<\/p>\n","protected":false},"excerpt":{"rendered":"O WhatsApp anunciou um conjunto de novas funcionalidades destinadas a transformar a experi\u00eancia das chamadas de grupo. Quer&hellip;\n","protected":false},"author":2,"featured_media":31583,"comment_status":"","ping_status":"","sticky":false,"template":"","format":"standard","meta":{"footnotes":""},"categories":[84],"tags":[10287,109,107,108,6933,10114,32,33,105,103,104,106,110,894],"class_list":{"0":"post-31582","1":"post","2":"type-post","3":"status-publish","4":"format-standard","5":"has-post-thumbnail","7":"category-ciencia-e-tecnologia","8":"tag-chamadas","9":"tag-ciencia","10":"tag-ciencia-e-tecnologia","11":"tag-cienciaetecnologia","12":"tag-ferramentas","13":"tag-grupo","14":"tag-portugal","15":"tag-pt","16":"tag-science","17":"tag-science-and-technology","18":"tag-scienceandtechnology","19":"tag-technology","20":"tag-tecnologia","21":"tag-whatsapp"},"share_on_mastodon":{"url":"","error":""},"_links":{"self":[{"href":"https:\/\/www.europesays.com\/pt\/wp-json\/wp\/v2\/posts\/31582","targetHints":{"allow":["GET"]}}],"collection":[{"href":"https:\/\/www.europesays.com\/pt\/wp-json\/wp\/v2\/posts"}],"about":[{"href":"https:\/\/www.europesays.com\/pt\/wp-json\/wp\/v2\/types\/post"}],"author":[{"embeddable":true,"href":"https:\/\/www.europesays.com\/pt\/wp-json\/wp\/v2\/users\/2"}],"replies":[{"embeddable":true,"href":"https:\/\/www.europesays.com\/pt\/wp-json\/wp\/v2\/comments?post=31582"}],"version-history":[{"count":0,"href":"https:\/\/www.europesays.com\/pt\/wp-json\/wp\/v2\/posts\/31582\/revisions"}],"wp:featuredmedia":[{"embeddable":true,"href":"https:\/\/www.europesays.com\/pt\/wp-json\/wp\/v2\/media\/31583"}],"wp:attachment":[{"href":"https:\/\/www.europesays.com\/pt\/wp-json\/wp\/v2\/media?parent=31582"}],"wp:term":[{"taxonomy":"category","embeddable":true,"href":"https:\/\/www.europesays.com\/pt\/wp-json\/wp\/v2\/categories?post=31582"},{"taxonomy":"post_tag","embeddable":true,"href":"https:\/\/www.europesays.com\/pt\/wp-json\/wp\/v2\/tags?post=31582"}],"curies":[{"name":"wp","href":"https:\/\/api.w.org\/{rel}","templated":true}]}}