{"id":31612,"date":"2025-08-16T08:55:08","date_gmt":"2025-08-16T08:55:08","guid":{"rendered":"https:\/\/www.europesays.com\/pt\/31612\/"},"modified":"2025-08-16T08:55:08","modified_gmt":"2025-08-16T08:55:08","slug":"samsung-revela-a-primeira-televisao-com-tecnologia-micro-rgb","status":"publish","type":"post","link":"https:\/\/www.europesays.com\/pt\/31612\/","title":{"rendered":"Samsung revela a primeira televis\u00e3o com tecnologia Micro RGB"},"content":{"rendered":"<p>&#8211; Publicidade &#8211;<\/p>\n<p><strong>O novo modelo combina ecr\u00e3 gigante de 115 polegadas com retroilumina\u00e7\u00e3o RGB em escala microsc\u00f3pica.<\/strong><\/p>\n<p>A <strong>Samsung<\/strong> <a href=\"https:\/\/news.samsung.com\/us\/samsung-launches-world-first-micro-rgb-tv-setting-new-standard-premium-tv-technology\/\" target=\"_blank\" rel=\"noopener nofollow\">revelou<\/a> a <strong>Micro RGB<\/strong>, a primeira televis\u00e3o a integrar retroilumina\u00e7\u00e3o RGB de dimens\u00e3o microm\u00e9trica num ecr\u00e3 de 115 polegadas. A tecnologia assenta em microLEDs vermelhos, verdes e azuis com menos de 100 micr\u00f3metros, dispostos de forma ultradensa e controlados individualmente, permitindo a gest\u00e3o de cada pixel com elevada precis\u00e3o. O resultado, de acordo com a Samsung, \u00e9 uma reprodu\u00e7\u00e3o de cores mais fiel, contrastes mais profundos e um n\u00edvel de detalhe muito realista.<\/p>\n<p>De acordo com <strong>Taeyong Son<\/strong>, vice-presidente executivo e respons\u00e1vel de Investiga\u00e7\u00e3o e Desenvolvimento da divis\u00e3o Visual Display da Samsung, \u201co Micro RGB atinge um n\u00edvel de precis\u00e3o nunca antes visto no controlo de LEDs RGB em escala microm\u00e9trica, elevando a fasquia no que toca \u00e0 reprodu\u00e7\u00e3o de cores e contraste em televisores de consumo\u201d. A tecnologia garante cobertura total do espa\u00e7o de cor BT.2020, certificada pela alem\u00e3 <strong>VDE<\/strong>, refer\u00eancia m\u00e1xima em fidelidade crom\u00e1tica.<\/p>\n<p>O pilar central desta nova solu\u00e7\u00e3o \u00e9 o processador propriet\u00e1rio Micro RGB Engine, que promete analisar frames em tempo real e otimizar automaticamente cor, contraste e \u00e1udio, com maior precis\u00e3o do que outras solu\u00e7\u00f5es semelhantes. Entre as funcionalidades destacam-se o Micro RGB Color Booster Pro, que identifica cenas mais esbatidas e real\u00e7a as cores, e o Micro RGB Precision Color, concebido para, como o nome prop\u00f5e, oferecer uma precis\u00e3o melhorada do espectro de cores.<\/p>\n<p>O televisor integra ainda a tecnologia Glare Free, que reduz reflexos e mant\u00e9m a visibilidade mesmo em ambientes muito iluminados, e apresenta um design met\u00e1lico ultrafino, minimalista e pensado para se integrar em interiores contempor\u00e2neos. Na vertente inteligente, o <strong>Samsung Vision AI<\/strong> apresenta funcionalidades como o Click to Search, que disponibiliza no pr\u00f3prio ecr\u00e3 informa\u00e7\u00f5es sobre atores, filmes, s\u00e9ries ou conte\u00fados relacionados, atrav\u00e9s do assistente de voz <strong><a href=\"https:\/\/echoboomer.pt\/samsung-atualiza-bixby-smart-tvs-2025\/\" target=\"_blank\" rel=\"noreferrer noopener nofollow\">Bixby<\/a><\/strong>, uma funcionalidade semelhante \u00e0 j\u00e1 existente em servi\u00e7os de streaming como <strong>Prime Video<\/strong> e <strong>Apple TV Plus<\/strong><\/p>\n<p>O modelo j\u00e1 est\u00e1 dispon\u00edvel na Coreia do Sul e nos Estados Unidos, onde tem um pre\u00e7o de 29.999 d\u00f3lares (aproximadamente 25.5 mil euros), com lan\u00e7amento global previsto para mais tarde e variantes adaptadas a diferentes dimens\u00f5es.<\/p>\n","protected":false},"excerpt":{"rendered":"&#8211; Publicidade &#8211; O novo modelo combina ecr\u00e3 gigante de 115 polegadas com retroilumina\u00e7\u00e3o RGB em escala microsc\u00f3pica.&hellip;\n","protected":false},"author":2,"featured_media":31613,"comment_status":"","ping_status":"","sticky":false,"template":"","format":"standard","meta":{"footnotes":""},"categories":[84],"tags":[109,107,108,32,33,105,103,104,106,110],"class_list":{"0":"post-31612","1":"post","2":"type-post","3":"status-publish","4":"format-standard","5":"has-post-thumbnail","7":"category-ciencia-e-tecnologia","8":"tag-ciencia","9":"tag-ciencia-e-tecnologia","10":"tag-cienciaetecnologia","11":"tag-portugal","12":"tag-pt","13":"tag-science","14":"tag-science-and-technology","15":"tag-scienceandtechnology","16":"tag-technology","17":"tag-tecnologia"},"share_on_mastodon":{"url":"","error":""},"_links":{"self":[{"href":"https:\/\/www.europesays.com\/pt\/wp-json\/wp\/v2\/posts\/31612","targetHints":{"allow":["GET"]}}],"collection":[{"href":"https:\/\/www.europesays.com\/pt\/wp-json\/wp\/v2\/posts"}],"about":[{"href":"https:\/\/www.europesays.com\/pt\/wp-json\/wp\/v2\/types\/post"}],"author":[{"embeddable":true,"href":"https:\/\/www.europesays.com\/pt\/wp-json\/wp\/v2\/users\/2"}],"replies":[{"embeddable":true,"href":"https:\/\/www.europesays.com\/pt\/wp-json\/wp\/v2\/comments?post=31612"}],"version-history":[{"count":0,"href":"https:\/\/www.europesays.com\/pt\/wp-json\/wp\/v2\/posts\/31612\/revisions"}],"wp:featuredmedia":[{"embeddable":true,"href":"https:\/\/www.europesays.com\/pt\/wp-json\/wp\/v2\/media\/31613"}],"wp:attachment":[{"href":"https:\/\/www.europesays.com\/pt\/wp-json\/wp\/v2\/media?parent=31612"}],"wp:term":[{"taxonomy":"category","embeddable":true,"href":"https:\/\/www.europesays.com\/pt\/wp-json\/wp\/v2\/categories?post=31612"},{"taxonomy":"post_tag","embeddable":true,"href":"https:\/\/www.europesays.com\/pt\/wp-json\/wp\/v2\/tags?post=31612"}],"curies":[{"name":"wp","href":"https:\/\/api.w.org\/{rel}","templated":true}]}}