{"id":316204,"date":"2026-03-23T22:33:11","date_gmt":"2026-03-23T22:33:11","guid":{"rendered":"https:\/\/www.europesays.com\/pt\/316204\/"},"modified":"2026-03-23T22:33:11","modified_gmt":"2026-03-23T22:33:11","slug":"lisboa-homem-que-atirou-cocktail-molotov-em-liberdade-observador","status":"publish","type":"post","link":"https:\/\/www.europesays.com\/pt\/316204\/","title":{"rendered":"Lisboa. Homem que atirou &#8216;cocktail molotov&#8217; em liberdade \u2013 Observador"},"content":{"rendered":"<p>O homem de 39 anos que foi detido pela PSP por ser suspeito de <a href=\"https:\/\/observador.pt\/2026\/03\/21\/marcha-pela-vida-marcada-por-incidente-violento\/\" rel=\"nofollow noopener\" target=\"_blank\">tentar atacar os participantes da \u201cMarcha pela Vida\u201d<\/a> conheceu esta segunda-feira as medidas de coa\u00e7\u00e3o: fica em liberdade, mas sujeito a apresenta\u00e7\u00f5es di\u00e1rias e proibido de frequentar o local da pr\u00e1tica dos factos, apurou o Observador.<\/p>\n<p>\u201cNo momento dos factos, a manifesta\u00e7\u00e3o contava com cerca de 500 participantes, tratando-se de uma concentra\u00e7\u00e3o de car\u00e1cter intergeracional, onde se encontravam diversos menores, incluindo crian\u00e7as e beb\u00e9s\u201d, indicou a pol\u00edcia atrav\u00e9s de um comunicado.<\/p>\n<p>De acordo com a informa\u00e7\u00e3o apurada pela PSP no local, o suspeito aproximou-se da zona onde estavam os manifestantes, em frente ao Parlamento, e atirou um \u201cengenho incendi\u00e1rio\u201d semelhante a um \u201ccocktail molotov\u201d, com gasolina, na dire\u00e7\u00e3o dos presentes. \u201cO engenho acabou por embater no solo junto de um grupo de manifestantes, n\u00e3o tendo deflagrado no momento do impacto, circunst\u00e2ncia que evitou consequ\u00eancias potencialmente mais gravosas, embora tenha gerado um clima de alarme e perturba\u00e7\u00e3o no local\u201d.<\/p>\n<blockquote class=\"wp-embedded-content\" data-secret=\"XNvD8qbV39\">\n<p><a href=\"https:\/\/observador.pt\/2026\/03\/21\/marcha-pela-vida-marcada-por-incidente-violento\/\" rel=\"nofollow noopener\" target=\"_blank\">\u201cMarcha pela Vida\u201d marcada por incidente violento em Lisboa<\/a><\/p>\n<\/blockquote>\n<p>\u201cAp\u00f3s a pr\u00e1tica do ato, o suspeito foi de imediato intercetado no local, permitindo a pronta interven\u00e7\u00e3o policial da PSP e a subsequente deten\u00e7\u00e3o do mesmo. Fugiram do local alguns indiv\u00edduos que estariam integrados num grupo alegadamente de conota\u00e7\u00e3o anarquista, tendo mais tarde, sido identificados tr\u00eas membros em outra art\u00e9ria. Em resultado da a\u00e7\u00e3o, algumas pessoas foram atingidas pelo l\u00edquido inflam\u00e1vel, tendo ficado com a roupa impregnada com uma subst\u00e2ncia que apresentava forte odor a gasolina\u201d, acrescenta a PSP.<\/p>\n<p>O engenho incendi\u00e1rio utilizado pelo homem detido foi apreendido ainda no local.<\/p>\n","protected":false},"excerpt":{"rendered":"O homem de 39 anos que foi detido pela PSP por ser suspeito de tentar atacar os participantes&hellip;\n","protected":false},"author":2,"featured_media":316205,"comment_status":"","ping_status":"","sticky":false,"template":"","format":"standard","meta":{"footnotes":"","_share_on_mastodon":"0"},"categories":[10],"tags":[27,28,15,16,14,25,26,797,21,22,14385,12,13,19,20,57,2003,32,23,24,4256,1306,33,2004,58,17,18,29,30,31],"class_list":["post-316204","post","type-post","status-publish","format-standard","has-post-thumbnail","category-portugal","tag-breaking-news","tag-breakingnews","tag-featured-news","tag-featurednews","tag-headlines","tag-latest-news","tag-latestnews","tag-lisboa","tag-main-news","tag-mainnews","tag-manifestau00e7u00f5es","tag-news","tag-noticias","tag-noticias-principais","tag-noticiasprincipais","tag-pau00eds","tag-polu00edcia","tag-portugal","tag-principais-noticias","tag-principaisnoticias","tag-protestos","tag-psp","tag-pt","tag-seguranu00e7a","tag-sociedade","tag-top-stories","tag-topstories","tag-ultimas","tag-ultimas-noticias","tag-ultimasnoticias"],"share_on_mastodon":{"url":"https:\/\/pubeurope.com\/@pt\/116280872529316464","error":""},"_links":{"self":[{"href":"https:\/\/www.europesays.com\/pt\/wp-json\/wp\/v2\/posts\/316204","targetHints":{"allow":["GET"]}}],"collection":[{"href":"https:\/\/www.europesays.com\/pt\/wp-json\/wp\/v2\/posts"}],"about":[{"href":"https:\/\/www.europesays.com\/pt\/wp-json\/wp\/v2\/types\/post"}],"author":[{"embeddable":true,"href":"https:\/\/www.europesays.com\/pt\/wp-json\/wp\/v2\/users\/2"}],"replies":[{"embeddable":true,"href":"https:\/\/www.europesays.com\/pt\/wp-json\/wp\/v2\/comments?post=316204"}],"version-history":[{"count":0,"href":"https:\/\/www.europesays.com\/pt\/wp-json\/wp\/v2\/posts\/316204\/revisions"}],"wp:featuredmedia":[{"embeddable":true,"href":"https:\/\/www.europesays.com\/pt\/wp-json\/wp\/v2\/media\/316205"}],"wp:attachment":[{"href":"https:\/\/www.europesays.com\/pt\/wp-json\/wp\/v2\/media?parent=316204"}],"wp:term":[{"taxonomy":"category","embeddable":true,"href":"https:\/\/www.europesays.com\/pt\/wp-json\/wp\/v2\/categories?post=316204"},{"taxonomy":"post_tag","embeddable":true,"href":"https:\/\/www.europesays.com\/pt\/wp-json\/wp\/v2\/tags?post=316204"}],"curies":[{"name":"wp","href":"https:\/\/api.w.org\/{rel}","templated":true}]}}