{"id":316309,"date":"2026-03-24T00:06:07","date_gmt":"2026-03-24T00:06:07","guid":{"rendered":"https:\/\/www.europesays.com\/pt\/316309\/"},"modified":"2026-03-24T00:06:07","modified_gmt":"2026-03-24T00:06:07","slug":"justin-hartley-quer-interpretar-o-arqueiro-verde-no-dcu-e-com-um-novo-uniforme","status":"publish","type":"post","link":"https:\/\/www.europesays.com\/pt\/316309\/","title":{"rendered":"Justin Hartley quer interpretar o Arqueiro Verde no DCU, e com um novo uniforme"},"content":{"rendered":"<p class=\"wp-block-yoast-seo-estimated-reading-time yoast-reading-time__wrapper\">Estimated reading time: 2 minutos<\/p>\n<p>Em participa\u00e7\u00e3o no <strong>The Jennifer Hudson Show<\/strong>, <strong>Justin Hartley<\/strong> admitiu que gostaria de interpretar novamente um super-her\u00f3i, mencionando diretamente <a href=\"https:\/\/ovicio.com.br\/tag\/arqueiro-verde\/\" target=\"_blank\" rel=\"noreferrer noopener nofollow\">Arqueiro Verde<\/a>. O ator, para quem n\u00e3o sabe, participou de <strong>Smallville<\/strong> como uma vers\u00e3o jovem de Oliver Queen.<\/p>\n<p>\u201c<strong>Eu adoraria interpretar um super-her\u00f3i de novo, adoraria isso<\/strong>\u201d, disse.<\/p>\n<p>Hartley destacou que teria uma abordagem totalmente diferente, refletindo sua pr\u00f3pria evolu\u00e7\u00e3o pessoal e profissional: \u201c<strong>Agora que estou mais velho, tenho outras experi\u00eancias de vida, eu abordaria isso de forma diferente, e acho que seria uma hist\u00f3ria diferente<\/strong>.\u201d<\/p>\n<p>\u201c<strong>Voc\u00ea encontraria ele em um lugar diferente, e poderia contar hist\u00f3rias diferentes. Ele passou por coisas, e acho que seria interessante<\/strong>,\u201d acrescentou.<\/p>\n<p>Apesar do entusiasmo, Hartley fez uma ressalva bem-humorada sobre o visual do her\u00f3i: \u201c<strong>Talvez n\u00e3o exatamente aquela vers\u00e3o, mas algo um pouco mais moderno<\/strong>.\u201d<\/p>\n<p>Hartley consolidou sua carreira na televis\u00e3o desde ent\u00e3o com pap\u00e9is de destaque em produ\u00e7\u00f5es como <strong>This Is Us<\/strong> e <strong>O Rastreador<\/strong>.<\/p>\n<p>N\u00e3o sabemos se existem planos concretos para a utiliza\u00e7\u00e3o do Arqueiro Verde no <strong>DCU <\/strong>de <strong>James Gunn<\/strong> e <strong>Peter Safran<\/strong>.<\/p>\n<p>Leia mais sobre Arqueiro Verde:<\/p>\n<p><strong>Fonte<\/strong>: <a href=\"https:\/\/www.youtube.com\/watch?v=ylm9H6e8Fwg\" target=\"_blank\" rel=\"noreferrer noopener nofollow\">The Jennifer Hudson Show<\/a><\/p>\n","protected":false},"excerpt":{"rendered":"Estimated reading time: 2 minutos Em participa\u00e7\u00e3o no The Jennifer Hudson Show, Justin Hartley admitiu que gostaria de&hellip;\n","protected":false},"author":2,"featured_media":316310,"comment_status":"","ping_status":"","sticky":false,"template":"","format":"standard","meta":{"footnotes":"","_share_on_mastodon":"0"},"categories":[140],"tags":[12957,2945,2670,114,115,147,148,146,32,33],"class_list":["post-316309","post","type-post","status-publish","format-standard","has-post-thumbnail","category-filmes","tag-arqueiro-verde","tag-dc","tag-dc-comics","tag-entertainment","tag-entretenimento","tag-film","tag-filmes","tag-movies","tag-portugal","tag-pt"],"share_on_mastodon":{"url":"https:\/\/pubeurope.com\/@pt\/116281238229442305","error":""},"_links":{"self":[{"href":"https:\/\/www.europesays.com\/pt\/wp-json\/wp\/v2\/posts\/316309","targetHints":{"allow":["GET"]}}],"collection":[{"href":"https:\/\/www.europesays.com\/pt\/wp-json\/wp\/v2\/posts"}],"about":[{"href":"https:\/\/www.europesays.com\/pt\/wp-json\/wp\/v2\/types\/post"}],"author":[{"embeddable":true,"href":"https:\/\/www.europesays.com\/pt\/wp-json\/wp\/v2\/users\/2"}],"replies":[{"embeddable":true,"href":"https:\/\/www.europesays.com\/pt\/wp-json\/wp\/v2\/comments?post=316309"}],"version-history":[{"count":0,"href":"https:\/\/www.europesays.com\/pt\/wp-json\/wp\/v2\/posts\/316309\/revisions"}],"wp:featuredmedia":[{"embeddable":true,"href":"https:\/\/www.europesays.com\/pt\/wp-json\/wp\/v2\/media\/316310"}],"wp:attachment":[{"href":"https:\/\/www.europesays.com\/pt\/wp-json\/wp\/v2\/media?parent=316309"}],"wp:term":[{"taxonomy":"category","embeddable":true,"href":"https:\/\/www.europesays.com\/pt\/wp-json\/wp\/v2\/categories?post=316309"},{"taxonomy":"post_tag","embeddable":true,"href":"https:\/\/www.europesays.com\/pt\/wp-json\/wp\/v2\/tags?post=316309"}],"curies":[{"name":"wp","href":"https:\/\/api.w.org\/{rel}","templated":true}]}}