{"id":31644,"date":"2025-08-16T09:31:10","date_gmt":"2025-08-16T09:31:10","guid":{"rendered":"https:\/\/www.europesays.com\/pt\/31644\/"},"modified":"2025-08-16T09:31:10","modified_gmt":"2025-08-16T09:31:10","slug":"em-dia-de-tensao-sbt-demite-superintendente-e-chefe-do-juridico","status":"publish","type":"post","link":"https:\/\/www.europesays.com\/pt\/31644\/","title":{"rendered":"Em dia de tens\u00e3o, SBT demite superintendente e chefe do jur\u00eddico"},"content":{"rendered":"<p><img decoding=\"async\" fetchpriority=\"high\" src=\"https:\/\/www.europesays.com\/pt\/wp-content\/uploads\/2025\/08\/8h5zn7n3vhflrdau0k0sq8lk4.jpg\" width=\"906\" height=\"509\" alt=\"SBT demite Vicente Varela e Marluce Cavalcante ap\u00f3s reuni\u00f5es com diretores\" title=\"SBT demite Vicente Varela e Marluce Cavalcante ap\u00f3s reuni\u00f5es com diretores\"\/>Reprodu\u00e7\u00e3o\/Internet<\/p>\n<p>SBT demite Vicente Varela e Marluce Cavalcante ap\u00f3s reuni\u00f5es com diretores<\/p>\n<p class=\"\">O <strong>SBT<\/strong> voltou a promover mudan\u00e7as internas e desligou dois nomes de alto escal\u00e3o na sexta-feira (15). A emissora decidiu encerrar os contratos de <strong>Vicente Varela<\/strong>, superintendente de neg\u00f3cios, marketing e comercializa\u00e7\u00e3o, e <strong>Marluce Cavalcante<\/strong>, respons\u00e1vel pela \u00e1rea jur\u00eddica da empresa. As demiss\u00f5es <a href=\"https:\/\/gente.ig.com.br\/colunas\/gabriel-de-oliveira\/2025-08-09\/diretora-do-sbt-faz-desabafo-ao-ser-demitida-apos-25-anos.html\" data-mce-href=\"https:\/\/gente.ig.com.br\/colunas\/gabriel-de-oliveira\/2025-08-09\/diretora-do-sbt-faz-desabafo-ao-ser-demitida-apos-25-anos.html\" data-mce- rel=\"nofollow noopener\" target=\"_blank\">ocorrem uma semana ap\u00f3s a sa\u00edda de Carolina Gazal<\/a>.<\/p>\n<p>A sa\u00edda de <strong>Vicente Varela<\/strong> chamou a aten\u00e7\u00e3o de outros executivos da rede, j\u00e1 que ele participou normalmente das reuni\u00f5es de planejamento ao longo de toda a sexta-feira. A comunica\u00e7\u00e3o oficial do desligamento foi feita apenas no fim do expediente, ap\u00f3s a conclus\u00e3o dos compromissos com outros diretores.\u00a0Demiss\u00e3o no jur\u00eddico<\/p>\n<p class=\"\">A dispensa de <strong>Marluce Cavalcante<\/strong>, por outro lado, j\u00e1 era ventilada h\u00e1 algumas semanas. Fontes ouvidas pela reportagem da coluna j\u00e1 apontavam que ela vinha sendo alvo de queixas internas.<\/p>\n<p>Novos nomes<\/p>\n<p class=\"\">As mudan\u00e7as foram oficializadas pelo <strong>SBT<\/strong> em um comunicado interno enviado no in\u00edcio da noite desta sexta-feira. No texto enviado aos colaboradores da emissora, obtido em primeira m\u00e3o pela coluna, a rede anuncia que Fernando Justus Fischer, que havia sido remanejado para o Grupo Silvio Santos em fevereiro, assumir\u00e1 o departamento comercial da rede. O canal tamb\u00e9m divulgou a chegada de Fernando Krauss como chefe de governan\u00e7a e integra\u00e7\u00e3o estrat\u00e9gica e de L\u00edvia Borela no comando da \u00e1rea de talentos e cultura.\u00a0<\/p>\n<p>Leia mais<\/p>\n","protected":false},"excerpt":{"rendered":"Reprodu\u00e7\u00e3o\/Internet SBT demite Vicente Varela e Marluce Cavalcante ap\u00f3s reuni\u00f5es com diretores O SBT voltou a promover mudan\u00e7as&hellip;\n","protected":false},"author":2,"featured_media":31645,"comment_status":"","ping_status":"","sticky":false,"template":"","format":"standard","meta":{"footnotes":""},"categories":[142],"tags":[114,115,10295,32,33,936,151,10294],"class_list":{"0":"post-31644","1":"post","2":"type-post","3":"status-publish","4":"format-standard","5":"has-post-thumbnail","7":"category-tv","8":"tag-entertainment","9":"tag-entretenimento","10":"tag-marluce-cavalcante","11":"tag-portugal","12":"tag-pt","13":"tag-sbt","14":"tag-tv","15":"tag-vicente-varela"},"share_on_mastodon":{"url":"","error":""},"_links":{"self":[{"href":"https:\/\/www.europesays.com\/pt\/wp-json\/wp\/v2\/posts\/31644","targetHints":{"allow":["GET"]}}],"collection":[{"href":"https:\/\/www.europesays.com\/pt\/wp-json\/wp\/v2\/posts"}],"about":[{"href":"https:\/\/www.europesays.com\/pt\/wp-json\/wp\/v2\/types\/post"}],"author":[{"embeddable":true,"href":"https:\/\/www.europesays.com\/pt\/wp-json\/wp\/v2\/users\/2"}],"replies":[{"embeddable":true,"href":"https:\/\/www.europesays.com\/pt\/wp-json\/wp\/v2\/comments?post=31644"}],"version-history":[{"count":0,"href":"https:\/\/www.europesays.com\/pt\/wp-json\/wp\/v2\/posts\/31644\/revisions"}],"wp:featuredmedia":[{"embeddable":true,"href":"https:\/\/www.europesays.com\/pt\/wp-json\/wp\/v2\/media\/31645"}],"wp:attachment":[{"href":"https:\/\/www.europesays.com\/pt\/wp-json\/wp\/v2\/media?parent=31644"}],"wp:term":[{"taxonomy":"category","embeddable":true,"href":"https:\/\/www.europesays.com\/pt\/wp-json\/wp\/v2\/categories?post=31644"},{"taxonomy":"post_tag","embeddable":true,"href":"https:\/\/www.europesays.com\/pt\/wp-json\/wp\/v2\/tags?post=31644"}],"curies":[{"name":"wp","href":"https:\/\/api.w.org\/{rel}","templated":true}]}}