{"id":31652,"date":"2025-08-16T09:37:11","date_gmt":"2025-08-16T09:37:11","guid":{"rendered":"https:\/\/www.europesays.com\/pt\/31652\/"},"modified":"2025-08-16T09:37:11","modified_gmt":"2025-08-16T09:37:11","slug":"vem-ai-mais-uma-caminhada-pela-serra-de-sintra-para-ver-a-chuva-de-estrelas-nit","status":"publish","type":"post","link":"https:\/\/www.europesays.com\/pt\/31652\/","title":{"rendered":"Vem a\u00ed mais uma caminhada pela Serra de Sintra para ver a chuva de estrelas \u2014 NiT"},"content":{"rendered":"<p>Depois do sucesso da primeira caminhada, que aconteceu a 2 de agosto em Sintra, a Lynx Travel vai realizar mais um encontro de observa\u00e7\u00e3o da Perseidas, a chuva de estrelas que acontece todos os anos durante o ver\u00e3o. A atividade est\u00e1 marcada para 23 de agosto, s\u00e1bado, e poder\u00e1 ser uma das \u00faltimas oportunidades para assistir ao fen\u00f3meno.<\/p>\n<p>\u201cA Lua estar\u00e1 na fase de quarto minguante durante o pico da chuva. Portanto, at\u00e9 o radiante [zona no c\u00e9u onde os meteoros come\u00e7am a parecer] se elevar ao mais alto, o sat\u00e9lite se ocultar\u00e1 no horizonte e n\u00e3o ser\u00e1 um problema. Isso significa que se o tempo estiver bom, poderemos ver at\u00e9 100 meteoros por hora\u201d, avan\u00e7a a empresa que organiza viagens de aventura, passeios culturais e experi\u00eancias fotogr\u00e1ficas.<\/p>\n<p>O percurso tem in\u00edcio no Convento dos Capuchos, com um total de cinco quil\u00f3metros. <strong>\u201cVamos passar por trilhos que nos v\u00e3o levar at\u00e9 um monumento megal\u00edtico situado a quase 500 metros de altitude, sendo por isso um dos pontos mais altos da Serra de Sintra\u201d<\/strong>, explica.<\/p>\n<p>Depois, a caminhada continua no Bosque dos Druidas, um local descrito como \u201cm\u00e1gico e secreto\u201d, onde ser\u00e1 realizada uma celebra\u00e7\u00e3o em honra da chegada das estrelas cadentes. A organiza\u00e7\u00e3o ir\u00e1 oferecer uma \u201cbebida afrodis\u00edca celta\u201d a cada participante, antes do regresso ao ponto de partida.<\/p>\n<p>A atividade custa 5\u20ac para mi\u00fados dos seis aos 12 anos; e 10\u20ac para adultos. As inscri\u00e7\u00f5es podem ser feitas por email (lynxtravel11@nullgmail.com). Todas as informa\u00e7\u00f5es necess\u00e1rias est\u00e3o dispon\u00edveis <a href=\"https:\/\/lynxtravel.wordpress.com\/2025\/08\/11\/chuva-de-estrelas-perseidas-last-call\/\" target=\"_blank\" rel=\"noopener nofollow\">online<\/a>.\u00a0<\/p>\n","protected":false},"excerpt":{"rendered":"Depois do sucesso da primeira caminhada, que aconteceu a 2 de agosto em Sintra, a Lynx Travel vai&hellip;\n","protected":false},"author":2,"featured_media":31653,"comment_status":"","ping_status":"","sticky":false,"template":"","format":"standard","meta":{"footnotes":""},"categories":[84],"tags":[109,107,108,32,33,105,103,104,106,110],"class_list":{"0":"post-31652","1":"post","2":"type-post","3":"status-publish","4":"format-standard","5":"has-post-thumbnail","7":"category-ciencia-e-tecnologia","8":"tag-ciencia","9":"tag-ciencia-e-tecnologia","10":"tag-cienciaetecnologia","11":"tag-portugal","12":"tag-pt","13":"tag-science","14":"tag-science-and-technology","15":"tag-scienceandtechnology","16":"tag-technology","17":"tag-tecnologia"},"share_on_mastodon":{"url":"","error":""},"_links":{"self":[{"href":"https:\/\/www.europesays.com\/pt\/wp-json\/wp\/v2\/posts\/31652","targetHints":{"allow":["GET"]}}],"collection":[{"href":"https:\/\/www.europesays.com\/pt\/wp-json\/wp\/v2\/posts"}],"about":[{"href":"https:\/\/www.europesays.com\/pt\/wp-json\/wp\/v2\/types\/post"}],"author":[{"embeddable":true,"href":"https:\/\/www.europesays.com\/pt\/wp-json\/wp\/v2\/users\/2"}],"replies":[{"embeddable":true,"href":"https:\/\/www.europesays.com\/pt\/wp-json\/wp\/v2\/comments?post=31652"}],"version-history":[{"count":0,"href":"https:\/\/www.europesays.com\/pt\/wp-json\/wp\/v2\/posts\/31652\/revisions"}],"wp:featuredmedia":[{"embeddable":true,"href":"https:\/\/www.europesays.com\/pt\/wp-json\/wp\/v2\/media\/31653"}],"wp:attachment":[{"href":"https:\/\/www.europesays.com\/pt\/wp-json\/wp\/v2\/media?parent=31652"}],"wp:term":[{"taxonomy":"category","embeddable":true,"href":"https:\/\/www.europesays.com\/pt\/wp-json\/wp\/v2\/categories?post=31652"},{"taxonomy":"post_tag","embeddable":true,"href":"https:\/\/www.europesays.com\/pt\/wp-json\/wp\/v2\/tags?post=31652"}],"curies":[{"name":"wp","href":"https:\/\/api.w.org\/{rel}","templated":true}]}}