{"id":316528,"date":"2026-03-24T03:36:24","date_gmt":"2026-03-24T03:36:24","guid":{"rendered":"https:\/\/www.europesays.com\/pt\/316528\/"},"modified":"2026-03-24T03:36:24","modified_gmt":"2026-03-24T03:36:24","slug":"telegram-e-whatsapp-sao-banca-ilegal-de-jornais-grupos-cobram-ate-10e-mes","status":"publish","type":"post","link":"https:\/\/www.europesays.com\/pt\/316528\/","title":{"rendered":"Telegram e WhatsApp s\u00e3o banca ilegal de jornais! Grupos cobram at\u00e9 10\u20ac\/m\u00eas"},"content":{"rendered":"<p>A partilha ilegal de jornais e revistas em plataformas como o Telegram e o WhatsApp , mas h\u00e1 agora um novo \u201cmodelo de neg\u00f3cio\u201d a ganhar for\u00e7a. Alguns grupos come\u00e7aram a cobrar mensalidades que podem chegar aos 10 euros para garantir acesso cont\u00ednuo a conte\u00fados protegidos por direitos de autor.<\/p>\n<p><a target=\"_blank\" href=\"https:\/\/pplware.sapo.pt\/wp-content\/uploads\/2022\/04\/jornais.jpg\" onclick=\"refreshIframe()\" class=\"foobox\" rel=\"nofollow noopener\"><img fetchpriority=\"high\" decoding=\"async\" src=\"https:\/\/www.europesays.com\/pt\/wp-content\/uploads\/2026\/03\/jornais-720x405.jpg\" alt=\"Telegram e WhatsApp s\u00e3o banca ilegal de jornais! Grupos cobram at\u00e9 10\u20ac\/m\u00eas\" width=\"720\" height=\"405\" class=\"aligncenter wp-image-842619 size-medium\"  \/><\/a><\/p>\n<p>Perdas mensais com jornais e revistas rondam os 3,5 milh\u00f5es de euros<\/p>\n<p>Segundo revelou a Visapress ao Jornal de Not\u00edcias, este esquema est\u00e1 a agravar significativamente os preju\u00edzos no setor da imprensa. As perdas mensais j\u00e1 rondam os 3,5 milh\u00f5es de euros, um valor que preocupa editores e entidades respons\u00e1veis pela prote\u00e7\u00e3o de conte\u00fados.<\/p>\n<p>A facilidade de partilha em aplica\u00e7\u00f5es de mensagens tem sido um dos principais motores deste fen\u00f3meno. Com poucos cliques, edi\u00e7\u00f5es completas de jornais e revistas s\u00e3o distribu\u00eddas a milhares de utilizadores, muitas vezes sem qualquer controlo.<\/p>\n<p>Agora, com a introdu\u00e7\u00e3o de subscri\u00e7\u00f5es pagas nestes grupos, o problema assume uma nova dimens\u00e3o. Para al\u00e9m da viola\u00e7\u00e3o de direitos de autor, h\u00e1 tamb\u00e9m um claro aproveitamento financeiro por parte de quem gere estas redes ilegais.<\/p>\n<p><a target=\"_blank\" href=\"https:\/\/pplware.sapo.pt\/wp-content\/uploads\/2022\/06\/jornais_2.jpeg\" onclick=\"refreshIframe()\" class=\"foobox\" rel=\"nofollow noopener\"><img loading=\"lazy\" decoding=\"async\" src=\"https:\/\/www.europesays.com\/pt\/wp-content\/uploads\/2026\/03\/jornais_2-720x405.jpeg\" alt=\"\" width=\"720\" height=\"405\" class=\"aligncenter size-medium wp-image-857115\"  \/><\/a><\/p>\n<p>Este tipo de pr\u00e1tica tem consequ\u00eancias diretas na sustentabilidade dos meios de comunica\u00e7\u00e3o social. Com menos leitores a recorrer a fontes oficiais, as receitas provenientes de assinaturas e publicidade acabam por ser afetadas.<\/p>\n<p>A Visapress alerta que este cen\u00e1rio pode comprometer o futuro do jornalismo, sobretudo num contexto em que muitos \u00f3rg\u00e3os de comunica\u00e7\u00e3o j\u00e1 enfrentam dificuldades financeiras.<\/p>\n","protected":false},"excerpt":{"rendered":"A partilha ilegal de jornais e revistas em plataformas como o Telegram e o WhatsApp , mas h\u00e1&hellip;\n","protected":false},"author":2,"featured_media":316529,"comment_status":"","ping_status":"","sticky":false,"template":"","format":"standard","meta":{"footnotes":"","_share_on_mastodon":"0"},"categories":[83],"tags":[88,89,90,32,33,3483,894],"class_list":["post-316528","post","type-post","status-publish","format-standard","has-post-thumbnail","category-empresas","tag-business","tag-economy","tag-empresas","tag-portugal","tag-pt","tag-telegram","tag-whatsapp"],"share_on_mastodon":{"url":"https:\/\/pubeurope.com\/@pt\/116282063818951553","error":""},"_links":{"self":[{"href":"https:\/\/www.europesays.com\/pt\/wp-json\/wp\/v2\/posts\/316528","targetHints":{"allow":["GET"]}}],"collection":[{"href":"https:\/\/www.europesays.com\/pt\/wp-json\/wp\/v2\/posts"}],"about":[{"href":"https:\/\/www.europesays.com\/pt\/wp-json\/wp\/v2\/types\/post"}],"author":[{"embeddable":true,"href":"https:\/\/www.europesays.com\/pt\/wp-json\/wp\/v2\/users\/2"}],"replies":[{"embeddable":true,"href":"https:\/\/www.europesays.com\/pt\/wp-json\/wp\/v2\/comments?post=316528"}],"version-history":[{"count":0,"href":"https:\/\/www.europesays.com\/pt\/wp-json\/wp\/v2\/posts\/316528\/revisions"}],"wp:featuredmedia":[{"embeddable":true,"href":"https:\/\/www.europesays.com\/pt\/wp-json\/wp\/v2\/media\/316529"}],"wp:attachment":[{"href":"https:\/\/www.europesays.com\/pt\/wp-json\/wp\/v2\/media?parent=316528"}],"wp:term":[{"taxonomy":"category","embeddable":true,"href":"https:\/\/www.europesays.com\/pt\/wp-json\/wp\/v2\/categories?post=316528"},{"taxonomy":"post_tag","embeddable":true,"href":"https:\/\/www.europesays.com\/pt\/wp-json\/wp\/v2\/tags?post=316528"}],"curies":[{"name":"wp","href":"https:\/\/api.w.org\/{rel}","templated":true}]}}