{"id":31654,"date":"2025-08-16T09:39:07","date_gmt":"2025-08-16T09:39:07","guid":{"rendered":"https:\/\/www.europesays.com\/pt\/31654\/"},"modified":"2025-08-16T09:39:07","modified_gmt":"2025-08-16T09:39:07","slug":"trump-putin-quer-acordo-abrangente-e-nao-cessar-fogo-zelensky-vai-a-washington-guerra-na-ucrania","status":"publish","type":"post","link":"https:\/\/www.europesays.com\/pt\/31654\/","title":{"rendered":"Trump: Putin quer \u201cacordo abrangente e n\u00e3o cessar-fogo\u201d. Zelensky vai a Washington | Guerra na Ucr\u00e2nia"},"content":{"rendered":"<p>O Presidente dos Estados Unidos, Donald Trump, disse que o seu hom\u00f3logo russo, Vladimir Putin, n\u00e3o est\u00e1 interessado num acordo de cessar-fogo e prefere discutir um acordo abrangente que ponha fim \u00e0 guerra na Ucr\u00e2nia, afirmou o jornalista do site Axios Barak Ravid na rede social X (antigo Twitter).<\/p>\n<p>Trump reuniu-se com Putin na v\u00e9spera no Alasca, num encontro que tinha gerado grandes receios e expectativas sobre o que poderiam os dois l\u00edderes decidir na aus\u00eancia do Presidente ucraniano, Volodymyr Zelensky, especialmente sobre trocas de territ\u00f3rio. Trump tinha dito que a sua prioridade seria um cessar-fogo imediato.<\/p>\n<p>Mas ao relatar, este s\u00e1bado, o conte\u00fado da <a href=\"https:\/\/www.publico.pt\/2025\/08\/15\/mundo\/noticia\/cimeira-trump-putin-comecou-aperto-mao-caloroso-2144108\" rel=\"nofollow noopener\" target=\"_blank\">discuss\u00e3o com Putin<\/a> a aliados da NATO e a Zelensky, Trump concordou com o Presidente russo: \u201cPenso que um acordo de paz r\u00e1pido \u00e9 melhor do que um acordo de cessar-fogo.\u201d<\/p>\n<p>Zelensky, disse ainda Ravid, confirmou que ir\u00e1 encontrar-se com Trump em Washington na segunda-feira.<\/p>\n<p>A cimeira de Trump e Putin foi considerada produtiva pelos dois e acabou com breves declara\u00e7\u00f5es \u00e0 imprensa, com Trump a declarar que \u201cn\u00e3o h\u00e1 acordo at\u00e9 haver acordo\u201d, e Putin a dizer, em ingl\u00eas, \u201cpara a pr\u00f3xima em Moscovo\u201d.<\/p>\n<p>O encontro de tr\u00eas horas entre Trump e Putin deixou mais perguntas do que respostas, segundo a BBC. O New York Times destaca que Trump mencionou um \u201cacordo\u201d sobre alguns pontos, n\u00e3o revelando quais, mas n\u00e3o sobre outros, enquanto Putin afirmou, de forma ainda mais vaga, que alcan\u00e7aram um \u201centendimento\u201d.<\/p>\n<p>Ao falar da \u201csitua\u00e7\u00e3o na Ucr\u00e2nia\u201d, Putin disse que as causas que est\u00e3o na raiz do conflito tinham de ser resolvidas antes de que fosse poss\u00edvel chegar a um acordo, \u201cuma frase que ter\u00e1 feito soar alarmes em Kiev\u201d e noutras capitais, comenta a BBC, porque \u00e9 uma express\u00e3o que \u201cse tornou sin\u00f3nimo de uma s\u00e9rie de exig\u00eancias maximalistas de Putin\u201d.\u200b<\/p>\n<p>Na an\u00e1lise da BBC, Putin saiu muito bem do encontro com Trump. Primeiro, por ter sido recebido com pompa e circunst\u00e2ncia depois de estar anos com viagens ao estrangeiro muito restritas e pela atmosfera calorosa com Trump.<\/p>\n<p>\u201cEnganado de novo por Putin?\u201d\u200b<\/p>\n<p>O New York Times tamb\u00e9m destaca \u201ca atmosfera extraordin\u00e1ria\u201d na recep\u00e7\u00e3o a Putin que, lembra, \u201cest\u00e1 sob san\u00e7\u00f5es dos EUA e enfrenta um mandado de captura internacional por crimes de guerra\u201d: a passadeira vermelha, as palmas de Trump quando Putin chegou, o facto de Putin ido na limusina presidencial de Trump do aeroporto ao local da cimeira e, algo notado at\u00e9 pela Fox News, de ter sido o l\u00edder russo o primeiro a falar quando ambos prestaram declara\u00e7\u00f5es.<\/p>\n<p>Putin ter\u00e1 ficado aliviado por n\u00e3o ter havido quaisquer \u201cconsequ\u00eancias graves\u201d para a R\u00fassia, que tinham sido uma amea\u00e7a de Trump caso n\u00e3o houvesse um acordo de cessar-fogo.<\/p>\n<p>\u201cA cimeira pode n\u00e3o ter conseguido progressos concretos para a paz na Ucr\u00e2nia, mas cimentou a reaproxima\u00e7\u00e3o entre a R\u00fassia e os Estados Unidos\u201d, conclui a BBC.<\/p>\n<p>\u201cSeria dif\u00edcil imaginar um evento que pudesse ter corrido melhor do ponto de vista do l\u00edder russo\u201d, \u00e9 a an\u00e1lise do New York Times.<\/p>\n<p>\u201cEnganado de novo por Putin?\u201d, perguntava mesmo a esta\u00e7\u00e3o de televis\u00e3o CNN, ainda antes do encontro, dizendo que \u201ca ret\u00f3rica de Trump d\u00e1 a entender que pode ter sido\u201d.<\/p>\n<p>Da Alemanha, o di\u00e1rio Der Tagesspiegel n\u00e3o hesita em concluir que se tratou de \u201cum dia amargo para a Ucr\u00e2nia e a Europa\u201d.<\/p>\n<p>Relato a Zelensky e l\u00edderes europeus<\/p>\n<p>Trump fez o relato da conversa com Putin enquanto regressava a Washington, onde aterrou esta manh\u00e3, numa conversa \u201clonga e substancial\u201d, segundo a CNN\u200b (ter\u00e1 durado uma hora e meia, segundo o site Axios).<\/p>\n<p>Entre os participantes esteve a presidente da Comiss\u00e3o Europeia, Ursula von der Leyen, segundo confirmou a sua porta-voz \u00e0 ag\u00eancia Reuters. De acordo com um respons\u00e1vel da NATO, o secret\u00e1rio-geral da Alian\u00e7a Atl\u00e2ntica, Mark Rutte, tamb\u00e9m esteve na chamada telef\u00f3nica, tal como o Presidente franc\u00eas, Emmanuel Macron, confirmou o Eliseu.<\/p>\n<p>Participaram ainda l\u00edderes da Alemanha, Finl\u00e2ndia, Pol\u00f3nia, It\u00e1lia e Reino Unido, informou a Comiss\u00e3o Europeia.<\/p>\n<p>Numa entrevista com a Fox News, Trump mencionou uma potencial cimeira com Putin e Zelensky, mas, segundo a CNN, o Kremlin disse depois que esta quest\u00e3o n\u00e3o tinha sido levantada no encontro do Alasca.<\/p>\n<p>Ao falar do encontro na entrevista, Trump tamb\u00e9m disse ter ficado \u201cmuito satisfeito\u201d por ouvir Putin dizer que, se ele fosse Presidente, \u201cesta guerra nunca teria acontecido\u201d, uma afirma\u00e7\u00e3o feita por Putin ao seu lado nas declara\u00e7\u00f5es de ambos \u00e0 imprensa.<\/p>\n<p><strong>*com Reuters<\/strong><\/p>\n","protected":false},"excerpt":{"rendered":"O Presidente dos Estados Unidos, Donald Trump, disse que o seu hom\u00f3logo russo, Vladimir Putin, n\u00e3o est\u00e1 interessado&hellip;\n","protected":false},"author":2,"featured_media":31655,"comment_status":"","ping_status":"","sticky":false,"template":"","format":"standard","meta":{"footnotes":""},"categories":[50],"tags":[27,28,637,92,235,15,16,889,14,25,26,21,22,62,12,13,19,20,23,24,839,17,18,840,29,30,31,2415,2416,63,64,65],"class_list":{"0":"post-31654","1":"post","2":"type-post","3":"status-publish","4":"format-standard","5":"has-post-thumbnail","7":"category-mundo","8":"tag-breaking-news","9":"tag-breakingnews","10":"tag-diplomacia","11":"tag-donald-trump","12":"tag-estados-unidos","13":"tag-featured-news","14":"tag-featurednews","15":"tag-guerra-na-ucrania","16":"tag-headlines","17":"tag-latest-news","18":"tag-latestnews","19":"tag-main-news","20":"tag-mainnews","21":"tag-mundo","22":"tag-news","23":"tag-noticias","24":"tag-noticias-principais","25":"tag-noticiasprincipais","26":"tag-principais-noticias","27":"tag-principaisnoticias","28":"tag-russia","29":"tag-top-stories","30":"tag-topstories","31":"tag-ucrania","32":"tag-ultimas","33":"tag-ultimas-noticias","34":"tag-ultimasnoticias","35":"tag-vladimir-putin","36":"tag-volodymyr-zelensky","37":"tag-world","38":"tag-world-news","39":"tag-worldnews"},"share_on_mastodon":{"url":"","error":""},"_links":{"self":[{"href":"https:\/\/www.europesays.com\/pt\/wp-json\/wp\/v2\/posts\/31654","targetHints":{"allow":["GET"]}}],"collection":[{"href":"https:\/\/www.europesays.com\/pt\/wp-json\/wp\/v2\/posts"}],"about":[{"href":"https:\/\/www.europesays.com\/pt\/wp-json\/wp\/v2\/types\/post"}],"author":[{"embeddable":true,"href":"https:\/\/www.europesays.com\/pt\/wp-json\/wp\/v2\/users\/2"}],"replies":[{"embeddable":true,"href":"https:\/\/www.europesays.com\/pt\/wp-json\/wp\/v2\/comments?post=31654"}],"version-history":[{"count":0,"href":"https:\/\/www.europesays.com\/pt\/wp-json\/wp\/v2\/posts\/31654\/revisions"}],"wp:featuredmedia":[{"embeddable":true,"href":"https:\/\/www.europesays.com\/pt\/wp-json\/wp\/v2\/media\/31655"}],"wp:attachment":[{"href":"https:\/\/www.europesays.com\/pt\/wp-json\/wp\/v2\/media?parent=31654"}],"wp:term":[{"taxonomy":"category","embeddable":true,"href":"https:\/\/www.europesays.com\/pt\/wp-json\/wp\/v2\/categories?post=31654"},{"taxonomy":"post_tag","embeddable":true,"href":"https:\/\/www.europesays.com\/pt\/wp-json\/wp\/v2\/tags?post=31654"}],"curies":[{"name":"wp","href":"https:\/\/api.w.org\/{rel}","templated":true}]}}