{"id":31662,"date":"2025-08-16T09:45:08","date_gmt":"2025-08-16T09:45:08","guid":{"rendered":"https:\/\/www.europesays.com\/pt\/31662\/"},"modified":"2025-08-16T09:45:08","modified_gmt":"2025-08-16T09:45:08","slug":"exclusivo-a-fazenda-depois-de-trair-joel-ary-acaba-com-uma-arma-apontada-a-cabeca-novelas","status":"publish","type":"post","link":"https:\/\/www.europesays.com\/pt\/31662\/","title":{"rendered":"Exclusivo \u00abA Fazenda\u00bb: Depois de trair Joel, Ary acaba com uma arma apontada \u00e0 cabe\u00e7a &#8211; Novelas"},"content":{"rendered":"<p>Em \u00abA Fazenda\u00bb, <a href=\"https:\/\/tvi.iol.pt\/novelas\/videos\/o-reenconto-emocionante-de-mafalda-e-eduardo\/677e95eb0cf23ab655363994\" rel=\"nofollow noopener\" target=\"_blank\">Mafalda (In\u00eas Aguiar)<\/a>\u00a0e <a href=\"https:\/\/tvi.iol.pt\/novelas\/videos\/gustavo-anuncia-decisao-drastica-de-mafalda-nao-quer-trabalhar-mais-aqui\/677fd0870cf23ab655363afc\" rel=\"nofollow noopener\" target=\"_blank\">Gustavo (Nuno Pardal)<\/a>\u00a0tentam convencer <a href=\"https:\/\/tvi.iol.pt\/novelas\/videos\/ary-exalta-se-mereces-que-a-lili-nao-queira-ficar-contigo\/677be9e00cf28c51602e50eb\" rel=\"nofollow noopener\" target=\"_blank\">Ary (Isaac Alfaiate<\/a>) a ajud\u00e1-los a descobrirem <a href=\"https:\/\/tvi.iol.pt\/novelas\/videos\/vania-e-duarte-roubam-leti\/674711290cf28c51602e3c65\" rel=\"nofollow noopener\" target=\"_blank\">Duarte (Cl\u00e1udio de Castro)<\/a>\u00a0atrav\u00e9s de <a href=\"https:\/\/tvi.iol.pt\/novelas\/videos\/joel-declara-se-a-eva-nunca-quis-atravessar-me-entre-ti-e-o-talu\/676ac3630cf2f130c299a685\" rel=\"nofollow noopener\" target=\"_blank\">Joel (Jo\u00e3o Jesus)<\/a>. Ary permanece hesitante, ainda que admitindo que Joel poderia ter feito mesmo isso por ser capaz de tudo por <a href=\"https:\/\/tvi.iol.pt\/novelas\/videos\/eva-e-joel-beijam-se-apaixonadamente\/6776a2000cf23e044af75c9b\" rel=\"nofollow noopener\" target=\"_blank\">Eva (Margarida Corceiro)<\/a>, e <a href=\"https:\/\/tvi.iol.pt\/novelas\/videos\/desespero-de-um-filho-desaparecido-eu-nunca-me-esqueci-na-cara-do-meu-filho\/6786686b0cf23ab655363e95\" rel=\"nofollow noopener\" target=\"_blank\">Becas (Rita Loureiro)<\/a>\u00a0poder estar a ajud\u00e1-lo. J\u00falia chega e exige respostas a Ary do que estava a falar com Mafalda e Gustavo.<\/p>\n<p><a href=\"https:\/\/tvi.iol.pt\/novelas\/videos\/eva-visita-talu-na-prisao-so-queria-que-nao-me-odiasses\/676ac2b70cf2f130c299a684\" rel=\"nofollow noopener\" target=\"_blank\">Talu (Evandro Gomes)<\/a>\u00a0diz a todos duvidar que Ary traia Joel por ele adorar o irm\u00e3o, tamb\u00e9m referindo que Ary n\u00e3o \u00e9 pessoa de esconder segredos, podendo j\u00e1 ter ido contar a Joel que o querem apanhar. Todos ficam inquietos.\u00a0<\/p>\n<p>Ary faz nova tentativa com Joel para lhe contar o que anda a esconder, ficando magoado por ele o atacar por andar sempre atr\u00e1s de J\u00falia, que at\u00e9 pode ter engravidado de outro homem.<\/p>\n<p>Ary liga para Mafalda a dizer aceitar ajud\u00e1-los a apanhar Joel.\u00a0 Todos esbo\u00e7am ar satisfeito por Ary ter concordado em ajud\u00e1-los a apanhar Joel. Ficam a discutir qual a melhor estrat\u00e9gia.<\/p>\n<p>Joel diz a Becas ter ficado com a certeza que Ary se passou para o outro lado e estar aliado a Talu e Gaspar para o apanharem para descobrirem Duarte, indo demonstrar ao irm\u00e3o que errou ao fazer isso.\u00a0<\/p>\n<p>Joel surpreende Ary, apontando-lhe amea\u00e7ador uma arma \u00e0s suas costas.\u00a0 Joel guarda a arma, dizendo a Ary estar muito desiludido com ele por ter ficado do lado de Talu, que pensa que ele anda a esconder Duarte para poder ficar com Eva, asseverando que seria incapaz de fazer tal coisa a ela. Joel arranca no jipe, deixando Ary muito dividido.<\/p>\n<p>Recorde-se que a rela\u00e7\u00e3o de Joel e Ary n\u00e3o tem estado bem:<\/p>\n","protected":false},"excerpt":{"rendered":"Em \u00abA Fazenda\u00bb, Mafalda (In\u00eas Aguiar)\u00a0e Gustavo (Nuno Pardal)\u00a0tentam convencer Ary (Isaac Alfaiate) a ajud\u00e1-los a descobrirem Duarte&hellip;\n","protected":false},"author":2,"featured_media":31663,"comment_status":"","ping_status":"","sticky":false,"template":"","format":"standard","meta":{"footnotes":""},"categories":[142],"tags":[657,160,2414,166,114,115,157,167,2412,721,723,164,161,158,165,159,32,33,156,163,151,162],"class_list":{"0":"post-31662","1":"post","2":"type-post","3":"status-publish","4":"format-standard","5":"has-post-thumbnail","7":"category-tv","8":"tag-a-fazenda","9":"tag-ana-guiomar","10":"tag-ary","11":"tag-cristina-ferreira","12":"tag-entertainment","13":"tag-entretenimento","14":"tag-festa-e-festa","15":"tag-ficcao","16":"tag-isaac-alfaiate","17":"tag-joao-jesus","18":"tag-joel","19":"tag-jose-fidalgo","20":"tag-novelas","21":"tag-para-sempre","22":"tag-pedro-sousa","23":"tag-pedro-teixeira","24":"tag-portugal","25":"tag-pt","26":"tag-queridos-papas","27":"tag-tiago-teotonio-pereira","28":"tag-tv","29":"tag-tvi"},"share_on_mastodon":{"url":"","error":""},"_links":{"self":[{"href":"https:\/\/www.europesays.com\/pt\/wp-json\/wp\/v2\/posts\/31662","targetHints":{"allow":["GET"]}}],"collection":[{"href":"https:\/\/www.europesays.com\/pt\/wp-json\/wp\/v2\/posts"}],"about":[{"href":"https:\/\/www.europesays.com\/pt\/wp-json\/wp\/v2\/types\/post"}],"author":[{"embeddable":true,"href":"https:\/\/www.europesays.com\/pt\/wp-json\/wp\/v2\/users\/2"}],"replies":[{"embeddable":true,"href":"https:\/\/www.europesays.com\/pt\/wp-json\/wp\/v2\/comments?post=31662"}],"version-history":[{"count":0,"href":"https:\/\/www.europesays.com\/pt\/wp-json\/wp\/v2\/posts\/31662\/revisions"}],"wp:featuredmedia":[{"embeddable":true,"href":"https:\/\/www.europesays.com\/pt\/wp-json\/wp\/v2\/media\/31663"}],"wp:attachment":[{"href":"https:\/\/www.europesays.com\/pt\/wp-json\/wp\/v2\/media?parent=31662"}],"wp:term":[{"taxonomy":"category","embeddable":true,"href":"https:\/\/www.europesays.com\/pt\/wp-json\/wp\/v2\/categories?post=31662"},{"taxonomy":"post_tag","embeddable":true,"href":"https:\/\/www.europesays.com\/pt\/wp-json\/wp\/v2\/tags?post=31662"}],"curies":[{"name":"wp","href":"https:\/\/api.w.org\/{rel}","templated":true}]}}