{"id":31664,"date":"2025-08-16T09:47:12","date_gmt":"2025-08-16T09:47:12","guid":{"rendered":"https:\/\/www.europesays.com\/pt\/31664\/"},"modified":"2025-08-16T09:47:12","modified_gmt":"2025-08-16T09:47:12","slug":"a-mulher-da-casa-abandonada-hilda-tem-muita-saudades-do-brasil-comenta-diretora","status":"publish","type":"post","link":"https:\/\/www.europesays.com\/pt\/31664\/","title":{"rendered":"A Mulher da Casa Abandonada: &#8220;Hilda tem muita saudades do Brasil&#8221;, comenta diretora"},"content":{"rendered":"<p data-start=\"385\" data-end=\"661\">A diretora <strong>K\u00e1tia Lund<\/strong>, que codirige a adapta\u00e7\u00e3o documental de <a href=\"https:\/\/aventurasnahistoria.com.br\/noticias\/historia-hoje\/a-mulher-da-casa-abandonada-serie-documental-sobre-o-caso-estreia-hoje.phtml\" rel=\"nofollow noopener\" target=\"_blank\">\u201cA Mulher da Casa Abandonada\u201d<\/a> para o Prime Video, revelou um detalhe surpreendente sobre <strong>Hilda<\/strong>, v\u00edtima do caso que ganhou notoriedade nacional a partir do <a href=\"https:\/\/aventurasnahistoria.com.br\/noticias\/historia-hoje\/a-mulher-da-casa-abandonada-novo-ep-traz-revelacoes-sobre-caso.phtml\" rel=\"nofollow noopener\" target=\"_blank\">podcast hom\u00f4nimo<\/a> produzido pela Folha de S.Paulo.<\/p>\n<p data-start=\"663\" data-end=\"1101\">O podcast, lan\u00e7ado em 2022 e narrado pelo jornalista <a href=\"https:\/\/aventurasnahistoria.com.br\/noticias\/reportagem\/foi-uma-loucura-chico-felitti-revela-surpresas-sobre-o-caso-mulher-da-casa-abandonada.phtml\" rel=\"nofollow noopener\" target=\"_blank\">Chico Felitti<\/a>, investigou a hist\u00f3ria de uma brasileira que viveu d\u00e9cadas nos Estados Unidos e foi acusada de manter uma empregada dom\u00e9stica em condi\u00e7\u00f5es an\u00e1logas \u00e0 escravid\u00e3o. Ap\u00f3s o esc\u00e2ndalo e seu retorno ao Brasil, <strong>Margarida Bonetti<\/strong> passou a morar em uma <a href=\"https:\/\/aventurasnahistoria.com.br\/noticias\/reportagem\/5-coisas-para-saber-antes-de-assistir-a-mulher-da-casa-abandonada.phtml\" rel=\"nofollow noopener\" target=\"_blank\">mans\u00e3o deteriorada em S\u00e3o Paulo<\/a>, tornando-se figura de curiosidade p\u00fablica e alvo de debates sobre direitos humanos, imigra\u00e7\u00e3o e justi\u00e7a.<\/p>\n<p> Saudades <\/p>\n<p data-start=\"1103\" data-end=\"1445\">Em entrevista exclusiva ao Aventuras na Hist\u00f3ria, <strong>K\u00e1tia Lund<\/strong> conta que, ao contr\u00e1rio da percep\u00e7\u00e3o de que <strong>Hilda<\/strong> n\u00e3o teria interesse em voltar, a personagem sente intensa saudade do pa\u00eds: \u201cA coisa que ela mais queria e que ela sente mais falta \u00e9 do Brasil. Ali\u00e1s, ela fala das frutas daqui, dos sabores, da cor da terra, do cheiro, do carnaval, das m\u00fasicas\u201d, disse a diretora.<\/p>\n<blockquote>\n<p data-start=\"1103\" data-end=\"1445\">A hilda canta muito. Ela pinta com as cores do Brasil. Ela tem muita saudade do Brasil, mas ela tem medo de voltar. E ela teve medo esse tempo todo, depois do julgamento. Ent\u00e3o, n\u00e3o \u00e9 que ela n\u00e3o quer voltar. Ela achava que n\u00e3o daria para voltar e se sentir segura aqui\u201d.<\/p>\n<\/blockquote>\n<p> A Mulher da Casa Abandonada <\/p>\n<p data-start=\"1447\" data-end=\"1755\">A s\u00e9rie documental \u201cA Mulher da Casa Abandonada\u201d, que estreia nesta sexta-feira, 15 de agosto de 2025, no Prime Video, promete aprofundar a investiga\u00e7\u00e3o, mesclando imagens in\u00e9ditas, entrevistas e registros do cotidiano para lan\u00e7ar novas luzes sobre o caso que chocou e dividiu a opini\u00e3o p\u00fablica brasileira.<\/p>\n<p data-start=\"1447\" data-end=\"1755\">Dividida em tr\u00eas epis\u00f3dios, a nova s\u00e9rie \u00e9 dirigida por <strong>Katia Lund<\/strong>, que tamb\u00e9m atua como produtora executiva. Al\u00e9m dela, tamb\u00e9m dirigem os epis\u00f3dios <strong>Livia Gama<\/strong> e <strong>Yasmin Thayn\u00e1<\/strong>, com produ\u00e7\u00e3o de <strong>Gil Ribeiro<\/strong>, <strong>Marcia Vinci<\/strong> e <strong>Margarida Ribeiro<\/strong>, da Coiote, e roteiro de <strong>Tain\u00e1 Muhringer<\/strong>, <strong>Fernanda Polacow<\/strong>, <strong>Henrique dos Santos<\/strong>, <strong>Mari Paiva<\/strong> e <strong>Karolina Santos<\/strong>. Al\u00e9m de todos eles, <strong>Chico Felitti<\/strong> tamb\u00e9m atua como consultor criativo e produtor executivo.<\/p>\n<p data-start=\"1447\" data-end=\"1755\">*Sob supervis\u00e3o de Fabio Previdelli<\/p>\n","protected":false},"excerpt":{"rendered":"A diretora K\u00e1tia Lund, que codirige a adapta\u00e7\u00e3o documental de \u201cA Mulher da Casa Abandonada\u201d para o Prime&hellip;\n","protected":false},"author":2,"featured_media":31665,"comment_status":"","ping_status":"","sticky":false,"template":"","format":"standard","meta":{"footnotes":""},"categories":[140],"tags":[8155,10296,1414,114,115,741,147,148,10297,146,13,803,32,1587,33],"class_list":{"0":"post-31664","1":"post","2":"type-post","3":"status-publish","4":"format-standard","5":"has-post-thumbnail","7":"category-filmes","8":"tag-a-mulher-da-casa-abandonada","9":"tag-chico-felliti","10":"tag-documentario","11":"tag-entertainment","12":"tag-entretenimento","13":"tag-entrevista","14":"tag-film","15":"tag-filmes","16":"tag-katia-lund","17":"tag-movies","18":"tag-noticias","19":"tag-podcast","20":"tag-portugal","21":"tag-prime-video","22":"tag-pt"},"share_on_mastodon":{"url":"","error":""},"_links":{"self":[{"href":"https:\/\/www.europesays.com\/pt\/wp-json\/wp\/v2\/posts\/31664","targetHints":{"allow":["GET"]}}],"collection":[{"href":"https:\/\/www.europesays.com\/pt\/wp-json\/wp\/v2\/posts"}],"about":[{"href":"https:\/\/www.europesays.com\/pt\/wp-json\/wp\/v2\/types\/post"}],"author":[{"embeddable":true,"href":"https:\/\/www.europesays.com\/pt\/wp-json\/wp\/v2\/users\/2"}],"replies":[{"embeddable":true,"href":"https:\/\/www.europesays.com\/pt\/wp-json\/wp\/v2\/comments?post=31664"}],"version-history":[{"count":0,"href":"https:\/\/www.europesays.com\/pt\/wp-json\/wp\/v2\/posts\/31664\/revisions"}],"wp:featuredmedia":[{"embeddable":true,"href":"https:\/\/www.europesays.com\/pt\/wp-json\/wp\/v2\/media\/31665"}],"wp:attachment":[{"href":"https:\/\/www.europesays.com\/pt\/wp-json\/wp\/v2\/media?parent=31664"}],"wp:term":[{"taxonomy":"category","embeddable":true,"href":"https:\/\/www.europesays.com\/pt\/wp-json\/wp\/v2\/categories?post=31664"},{"taxonomy":"post_tag","embeddable":true,"href":"https:\/\/www.europesays.com\/pt\/wp-json\/wp\/v2\/tags?post=31664"}],"curies":[{"name":"wp","href":"https:\/\/api.w.org\/{rel}","templated":true}]}}