{"id":316846,"date":"2026-03-24T10:57:09","date_gmt":"2026-03-24T10:57:09","guid":{"rendered":"https:\/\/www.europesays.com\/pt\/316846\/"},"modified":"2026-03-24T10:57:09","modified_gmt":"2026-03-24T10:57:09","slug":"ben-hur-retorna-aos-cinemas-em-versao-4k-na-pascoa-23-03-2026-cinema","status":"publish","type":"post","link":"https:\/\/www.europesays.com\/pt\/316846\/","title":{"rendered":"&#8216;Ben-Hur&#8217; retorna aos cinemas em vers\u00e3o 4K na P\u00e1scoa &#8211; 23\/03\/2026 &#8211; Cinema"},"content":{"rendered":"<p>  S\u00e3o Paulo<\/p>\n<p>      &#8220;<a href=\"https:\/\/www1.folha.uol.com.br\/banco-de-dados\/2025\/05\/1925-historia-de-ben-hur-ganha-novo-filme-com-superproducao.shtml\" rel=\"nofollow noopener\" target=\"\">Ben-Hur<\/a>&#8220;, longa \u00e9pico de 1959 vencedor de 11 estatuetas no <a href=\"https:\/\/www1.folha.uol.com.br\/folha-topicos\/oscar\/\" rel=\"nofollow noopener\" target=\"\">Osca<\/a>r, ser\u00e1 reexibido entre os dias 2 e 5 de abril nas salas de cinema da rede <a href=\"https:\/\/guia.folha.uol.com.br\/cinema\/2025\/02\/uci-inaugura-primeiras-salas-vip-da-rede-em-sao-paulo.shtml\" rel=\"nofollow noopener\" target=\"\">UCI<\/a>. O cl\u00e1ssico estreia em uma vers\u00e3o 4k para sess\u00f5es comemorativas de <a href=\"https:\/\/www1.folha.uol.com.br\/folha-topicos\/pascoa\/\" rel=\"nofollow noopener\" target=\"\">P\u00e1scoa<\/a> e j\u00e1 tem ingressos dispon\u00edveis para venda no site.\n    <\/p>\n<p>            <img decoding=\"async\" src=\"https:\/\/www.europesays.com\/pt\/wp-content\/uploads\/2026\/03\/177430187569c1b2b349ac6_1774301875_3x2_md.jpg\" alt=\"Homem vestido com t\u00fanica roxa ornamentada coloca uma coroa de folhas na cabe\u00e7a de outro homem com roupa de couro marrom, em arena com multid\u00e3o ao fundo.\" loading=\"lazy\" class=\"c-image\"\/><\/p>\n<p>    Cena do filme &#8216;Ben-Hur&#8217;, 1959, com o ator Charlton Heston (\u00e0 esquerda). <\/p>\n<p>          &#8211;<br \/>\n          Divulga\u00e7\u00e3o<\/p>\n<p>Ambientado em <a href=\"https:\/\/www1.folha.uol.com.br\/folha-topicos\/jerusalem\/\" rel=\"nofollow noopener\" target=\"\">Jerusal\u00e9m<\/a>, no in\u00edcio do s\u00e9culo 1, o filme acompanha Judah Ben-Hur, um rico mercador judeu cuja vida muda ap\u00f3s o reencontro com Messala, amigo de inf\u00e2ncia que retorna como comandante das legi\u00f5es romanas. Um desentendimento motivado por vis\u00f5es pol\u00edticas opostas leva \u00e0 condena\u00e7\u00e3o injusta de Ben-Hur \u00e0 escravid\u00e3o, desencadeando uma trajet\u00f3ria marcada por perda, vingan\u00e7a e transforma\u00e7\u00e3o.<\/p>\n<p>Com dire\u00e7\u00e3o de William Wyler e roteiro de Karl Tunberg, o filme conta com elenco formado por Charlton Heston, Stephen Boyd, Haya Harareet, Jack Hawkins, Martha Scott e Hugh Griffith.<\/p>\n<p>Na <a href=\"https:\/\/www1.folha.uol.com.br\/folha\/especial\/2005\/oscar\/vencedores-1959.shtml\" rel=\"nofollow noopener\" target=\"\">32\u00aa edi\u00e7\u00e3o<\/a> do Oscar, venceu as categorias de melhor filme, ator, ator coadjuvante, dire\u00e7\u00e3o, roteiro adaptado, fotografia, dire\u00e7\u00e3o de arte, figurino, trilha sonora, efeitos visuais e som.<\/p>\n","protected":false},"excerpt":{"rendered":"S\u00e3o Paulo &#8220;Ben-Hur&#8220;, longa \u00e9pico de 1959 vencedor de 11 estatuetas no Oscar, ser\u00e1 reexibido entre os dias&hellip;\n","protected":false},"author":2,"featured_media":316847,"comment_status":"","ping_status":"","sticky":false,"template":"","format":"standard","meta":{"footnotes":"","_share_on_mastodon":"0"},"categories":[140],"tags":[11098,37733,470,114,115,147,148,761,2595,146,1409,32,33],"class_list":["post-316846","post","type-post","status-publish","format-standard","has-post-thumbnail","category-filmes","tag-academia-de-cinema","tag-ben-hur","tag-cinema","tag-entertainment","tag-entretenimento","tag-film","tag-filmes","tag-guia-folha","tag-hollywood","tag-movies","tag-oscar","tag-portugal","tag-pt"],"share_on_mastodon":{"url":"https:\/\/pubeurope.com\/@pt\/116283798099556752","error":""},"_links":{"self":[{"href":"https:\/\/www.europesays.com\/pt\/wp-json\/wp\/v2\/posts\/316846","targetHints":{"allow":["GET"]}}],"collection":[{"href":"https:\/\/www.europesays.com\/pt\/wp-json\/wp\/v2\/posts"}],"about":[{"href":"https:\/\/www.europesays.com\/pt\/wp-json\/wp\/v2\/types\/post"}],"author":[{"embeddable":true,"href":"https:\/\/www.europesays.com\/pt\/wp-json\/wp\/v2\/users\/2"}],"replies":[{"embeddable":true,"href":"https:\/\/www.europesays.com\/pt\/wp-json\/wp\/v2\/comments?post=316846"}],"version-history":[{"count":0,"href":"https:\/\/www.europesays.com\/pt\/wp-json\/wp\/v2\/posts\/316846\/revisions"}],"wp:featuredmedia":[{"embeddable":true,"href":"https:\/\/www.europesays.com\/pt\/wp-json\/wp\/v2\/media\/316847"}],"wp:attachment":[{"href":"https:\/\/www.europesays.com\/pt\/wp-json\/wp\/v2\/media?parent=316846"}],"wp:term":[{"taxonomy":"category","embeddable":true,"href":"https:\/\/www.europesays.com\/pt\/wp-json\/wp\/v2\/categories?post=316846"},{"taxonomy":"post_tag","embeddable":true,"href":"https:\/\/www.europesays.com\/pt\/wp-json\/wp\/v2\/tags?post=316846"}],"curies":[{"name":"wp","href":"https:\/\/api.w.org\/{rel}","templated":true}]}}