{"id":31686,"date":"2025-08-16T10:16:10","date_gmt":"2025-08-16T10:16:10","guid":{"rendered":"https:\/\/www.europesays.com\/pt\/31686\/"},"modified":"2025-08-16T10:16:10","modified_gmt":"2025-08-16T10:16:10","slug":"turistas-arriscam-no-faial-mesmo-apos-sinalizacao-de-interdicao","status":"publish","type":"post","link":"https:\/\/www.europesays.com\/pt\/31686\/","title":{"rendered":"Turistas arriscam no Faial mesmo ap\u00f3s sinaliza\u00e7\u00e3o de interdi\u00e7\u00e3o"},"content":{"rendered":"\n<p class=\"p_0\">O JM teve acesso a um v\u00eddeo onde \u00e9 poss\u00edvel ver v\u00e1rios turistas a ultrapassar a zona sinalizada de interdi\u00e7\u00e3o ao lado do Miradouro do Guindaste, no concelho de Santana, colocando-se numa \u00e1rea exposta ao perigo j\u00e1 depois da coloca\u00e7\u00e3o da sinal\u00e9tica de proibi\u00e7\u00e3o.<\/p>\n<p class=\"p_1\">As imagens mostram visitantes a ignorar as barreiras colocadas pelas autoridades, aproximando-se perigosamente do abismo, numa atitude que contraria as recomenda\u00e7\u00f5es de seguran\u00e7a e desrespeita os avisos j\u00e1 amplamente divulgados.<\/p>\n<p> <video id=\"multimediaPlayer186565396\" poster=\"https:\/\/www.jm-madeira.pt\/binrepository\/multimedia-whatsapp-video-2025-08-15-at-17_thumb642-8683923_20250815182904.jpg\" controls=\"\" width=\"100%\" height=\"100%\">  Tu navegador no soporta el v\u00eddeo de HTML5<br \/>\n                  <\/video> <\/p>\n<p class=\"p_2\">Recorrentemente, o JM tem alertado para os riscos crescentes naquela \u00e1rea, ao lado do Miradouro do Guindaste, um dos pontos tur\u00edsticos mais procurados do Norte da ilha.<\/p>\n<p class=\"p_3\">No entanto, o v\u00eddeo agora divulgado evidencia que, apesar das medidas tomadas, continua a haver comportamentos imprudentes por parte de visitantes.<\/p>\n","protected":false},"excerpt":{"rendered":"O JM teve acesso a um v\u00eddeo onde \u00e9 poss\u00edvel ver v\u00e1rios turistas a ultrapassar a zona sinalizada&hellip;\n","protected":false},"author":2,"featured_media":31687,"comment_status":"","ping_status":"","sticky":false,"template":"","format":"standard","meta":{"footnotes":""},"categories":[83],"tags":[88,89,90,32,33,9554],"class_list":{"0":"post-31686","1":"post","2":"type-post","3":"status-publish","4":"format-standard","5":"has-post-thumbnail","7":"category-empresas","8":"tag-business","9":"tag-economy","10":"tag-empresas","11":"tag-portugal","12":"tag-pt","13":"tag-romina-barreto"},"share_on_mastodon":{"url":"","error":""},"_links":{"self":[{"href":"https:\/\/www.europesays.com\/pt\/wp-json\/wp\/v2\/posts\/31686","targetHints":{"allow":["GET"]}}],"collection":[{"href":"https:\/\/www.europesays.com\/pt\/wp-json\/wp\/v2\/posts"}],"about":[{"href":"https:\/\/www.europesays.com\/pt\/wp-json\/wp\/v2\/types\/post"}],"author":[{"embeddable":true,"href":"https:\/\/www.europesays.com\/pt\/wp-json\/wp\/v2\/users\/2"}],"replies":[{"embeddable":true,"href":"https:\/\/www.europesays.com\/pt\/wp-json\/wp\/v2\/comments?post=31686"}],"version-history":[{"count":0,"href":"https:\/\/www.europesays.com\/pt\/wp-json\/wp\/v2\/posts\/31686\/revisions"}],"wp:featuredmedia":[{"embeddable":true,"href":"https:\/\/www.europesays.com\/pt\/wp-json\/wp\/v2\/media\/31687"}],"wp:attachment":[{"href":"https:\/\/www.europesays.com\/pt\/wp-json\/wp\/v2\/media?parent=31686"}],"wp:term":[{"taxonomy":"category","embeddable":true,"href":"https:\/\/www.europesays.com\/pt\/wp-json\/wp\/v2\/categories?post=31686"},{"taxonomy":"post_tag","embeddable":true,"href":"https:\/\/www.europesays.com\/pt\/wp-json\/wp\/v2\/tags?post=31686"}],"curies":[{"name":"wp","href":"https:\/\/api.w.org\/{rel}","templated":true}]}}