{"id":316948,"date":"2026-03-24T12:37:10","date_gmt":"2026-03-24T12:37:10","guid":{"rendered":"https:\/\/www.europesays.com\/pt\/316948\/"},"modified":"2026-03-24T12:37:10","modified_gmt":"2026-03-24T12:37:10","slug":"socialistas-acusam-abreu-amorim-de-queimar-as-pontes-na-solucao-para-o-constitucional","status":"publish","type":"post","link":"https:\/\/www.europesays.com\/pt\/316948\/","title":{"rendered":"Socialistas acusam Abreu Amorim de &#8220;queimar as pontes&#8221; na solu\u00e7\u00e3o para o Constitucional"},"content":{"rendered":"<p>&#13;<br \/>\nO PS acusou hoje o ministro dos Assuntos Parlamentares de estar a &#8220;queimar as pontes todas&#8221; em vez de encontrar uma solu\u00e7\u00e3o para a elei\u00e7\u00e3o de ju\u00edzes para o Tribunal Constitucional, considerando que &#8220;s\u00f3 piora a situa\u00e7\u00e3o institucional&#8221;.&#13;\n<\/p>\n<p>&#13;<br \/>\nEm declara\u00e7\u00f5es \u00e0 ag\u00eancia Lusa, o deputado do PS Pedro Delgado Alves respondeu \u00e0s declara\u00e7\u00f5es do ministro dos Assuntos Parlamentares, Carlos Abreu Amorim, que tinha acusado o PS de se ter transformado numa &#8220;for\u00e7a de conservadorismo gran\u00edtico&#8221;, que resiste \u00e0 mudan\u00e7a &#8220;com todas as for\u00e7as&#8221;, e de querer &#8220;manter a sua omnipresen\u00e7a nos \u00f3rg\u00e3os\u00a0do Estado&#8221;.&#13;\n<\/p>\n<p>&#13;<br \/>\n&#8220;Nunca passou pela cabe\u00e7a ao PS, no momento em que era o PSD que tinha menos\u00a0votos ou que, eventualmente, tinha menos peso, dizer que ficava de fora da equa\u00e7\u00e3o\u00a0ou que esta ideia de haver um esfor\u00e7o para o equil\u00edbrio desaparecer e, portanto, \u00e9 s\u00f3\u00a0de lamentar este grau da acrim\u00f3nia todo que estava naquelas declara\u00e7\u00f5es. N\u00e3o ajuda rigorosamente nada e s\u00f3 piora a situa\u00e7\u00e3o institucional&#8221;, lamentou.&#13;\n<\/p>\n<p>&#13;<br \/>\nNa perspetiva do dirigente socialista, &#8220;se de facto se est\u00e1 a procurar encontrar uma solu\u00e7\u00e3o, isto \u00e9\u00a0queimar as pontes todas e n\u00e3o mostrar manifesto interesse em fazer isso&#8221;, ou seja, encontrar uma solu\u00e7\u00e3o para o problema.\u00a0&#13;\n<\/p>\n<p>&#13;<br \/>\n&#8220;E depois, o tom. Eu acho que \u00e9 um tom que \u00e9, de todo, pouco construtivo, e um ministro dos Assuntos Parlamentares \u00e9, de todos aquele que, em teoria, deveria ser o mais diplom\u00e1tico dos membros do governo, porque\u00a0\u00e9 aquele que tem que falar com as oposi\u00e7\u00f5es todas&#8221;, defendeu.&#13;\n<\/p>\n<p>&#13;<br \/>\nDelgado Alves considerou que o dia de hoje &#8220;n\u00e3o foi extraordinariamente simp\u00e1tico dessa perspetiva&#8221;, recusando que seja uma quest\u00e3o de &#8220;estados de alma ou do PS ficar mais ou menos\u00a0incomodado&#8221;.&#13;\n<\/p>\n<p>&#13;<br \/>\n&#8220;O ponto n\u00e3o \u00e9 de todo esse. Agora se, de facto, \u00e9 miminhos para o Chega e depois tratamento do Partido Socialista\u00a0desta maneira, quer dizer, sobra muito pouco para podermos dar-nos ao respeito&#8221;, condenou.&#13;\n<\/p>\n<p>&#13;<br \/>\nPara o deputado do PS, &#8220;era\u00a0fundamental que o PSD parasse para pensar um bocadinho sobre aquilo que est\u00e1 em cima\u00a0da mesa&#8221;. &#8220;E o que se pede n\u00e3o \u00e9 mais do que manter um equil\u00edbrio que, ao longo de 40 anos, tem\u00a0preservado o Tribunal, tem preservado a dignidade das institui\u00e7\u00f5es&#8221;, disse, recordando que a elei\u00e7\u00e3o dos ju\u00edzes para o Tribunal Constitucional &#8220;tem merecido\u00a040 anos de equil\u00edbrio e de consenso para que a escolha seja reflexo de partidos\u00a0que s\u00e3o conhecedores e defensores da Constitui\u00e7\u00e3o&#8221;.\u00a0&#13;\n<\/p>\n<p>&#13;<br \/>\nO que preocupa os socialistas, segundo Delgado Alves, &#8220;\u00e9 que haja um Tribunal Constitucional que seja capaz de interpretar\u00a0a Constitui\u00e7\u00e3o de acordo com os valores da Constitui\u00e7\u00e3o&#8221;.&#13;\n<\/p>\n<p>&#13;<br \/>\n&#8220;E parece-nos que a melhor forma de o fazer \u00e9, no fundo, perguntando aos partidos que\u00a0s\u00e3o comprometidos com a Constitui\u00e7\u00e3o quais \u00e9 que s\u00e3o os perfis de ju\u00edzes que l\u00e1 deviam\u00a0estar&#8221;, referiu.&#13;\n<\/p>\n<p>&#13;<br \/>\nO deputado do PS afirmou que &#8220;o PSD tem dias em que \u00e9 muito assertivo em dizer que\u00a0n\u00e3o conversa com o Chega e que o Chega \u00e9 um problema&#8221;.\u00a0&#13;\n<\/p>\n<p>&#13;<br \/>\n&#8220;Depois vai negociar tantas outras coisas quase todos os dias com o Chega que deixa\u00a0uma pessoa estonteada&#8221;, disse.&#13;\n<\/p>\n<p>&#13;<br \/>\nAbreu Amorim discursava nns Jornadas Parlamentares do CDS-PP,\u00a0referindo-se ao PS como &#8220;a grande for\u00e7a conservadora deste pa\u00eds&#8221;.&#13;\n<\/p>\n<p>&#13;<br \/>\n&#8220;Resistem \u00e0 mudan\u00e7a com todas as suas for\u00e7as, preferem sempre a ina\u00e7\u00e3o \u00e0 transforma\u00e7\u00e3o&#8221;, sustentou.&#13;\n<\/p>\n<p>&#13;<br \/>\nEstas declara\u00e7\u00f5es acontecem dois dias antes de a AR\u00a0decidir a nova data das elei\u00e7\u00f5es para os \u00f3rg\u00e3os externos.&#13;\n<\/p>\n<p>&#13;<br \/>\nEm causa est\u00e1 o impasse para a elei\u00e7\u00e3o dos \u00f3rg\u00e3os externos para a Assembleia da Rep\u00fablica, tendo sido tornadas p\u00fablicas nos \u00faltimos dias discord\u00e2ncias entre PSD e PS quanto \u00e0 indica\u00e7\u00e3o dos nomes para o Tribunal Constitucional, que j\u00e1 motivaram esta semana uma reuni\u00e3o entre o primeiro-ministro, Lu\u00eds Montenegro, e o l\u00edder do PS, Jos\u00e9 Lu\u00eds Carneiro, mas que foi inconclusiva.&#13;\n<\/p>\n<p>&#13;<br \/>\nDos tr\u00eas ju\u00edzes que t\u00eam de ser substitu\u00eddos, dois foram indicados pelo PSD e um pelo PS, estando em aberto a possibilidade de o Chega, agora segundo maior partido parlamentar, entrar neste \u00f3rg\u00e3o e de os socialistas ficarem de fora desta elei\u00e7\u00e3o.&#13;<\/p>\n","protected":false},"excerpt":{"rendered":"&#13; O PS acusou hoje o ministro dos Assuntos Parlamentares de estar a &#8220;queimar as pontes todas&#8221; em&hellip;\n","protected":false},"author":2,"featured_media":316949,"comment_status":"","ping_status":"","sticky":false,"template":"","format":"standard","meta":{"footnotes":"","_share_on_mastodon":"0"},"categories":[8],"tags":[10818,27,28,28746,15,16,14,54055,25,26,21,22,12,13,19,20,32,23,24,33,55984,17,18,29,30,31],"class_list":["post-316948","post","type-post","status-publish","format-standard","has-post-thumbnail","category-principais-noticias","tag-amorim","tag-breaking-news","tag-breakingnews","tag-delgado-alves","tag-featured-news","tag-featurednews","tag-headlines","tag-jornadas-parlamentares","tag-latest-news","tag-latestnews","tag-main-news","tag-mainnews","tag-news","tag-noticias","tag-noticias-principais","tag-noticiasprincipais","tag-portugal","tag-principais-noticias","tag-principaisnoticias","tag-pt","tag-socialista-desta","tag-top-stories","tag-topstories","tag-ultimas","tag-ultimas-noticias","tag-ultimasnoticias"],"share_on_mastodon":{"url":"https:\/\/pubeurope.com\/@pt\/116284191220887399","error":""},"_links":{"self":[{"href":"https:\/\/www.europesays.com\/pt\/wp-json\/wp\/v2\/posts\/316948","targetHints":{"allow":["GET"]}}],"collection":[{"href":"https:\/\/www.europesays.com\/pt\/wp-json\/wp\/v2\/posts"}],"about":[{"href":"https:\/\/www.europesays.com\/pt\/wp-json\/wp\/v2\/types\/post"}],"author":[{"embeddable":true,"href":"https:\/\/www.europesays.com\/pt\/wp-json\/wp\/v2\/users\/2"}],"replies":[{"embeddable":true,"href":"https:\/\/www.europesays.com\/pt\/wp-json\/wp\/v2\/comments?post=316948"}],"version-history":[{"count":0,"href":"https:\/\/www.europesays.com\/pt\/wp-json\/wp\/v2\/posts\/316948\/revisions"}],"wp:featuredmedia":[{"embeddable":true,"href":"https:\/\/www.europesays.com\/pt\/wp-json\/wp\/v2\/media\/316949"}],"wp:attachment":[{"href":"https:\/\/www.europesays.com\/pt\/wp-json\/wp\/v2\/media?parent=316948"}],"wp:term":[{"taxonomy":"category","embeddable":true,"href":"https:\/\/www.europesays.com\/pt\/wp-json\/wp\/v2\/categories?post=316948"},{"taxonomy":"post_tag","embeddable":true,"href":"https:\/\/www.europesays.com\/pt\/wp-json\/wp\/v2\/tags?post=316948"}],"curies":[{"name":"wp","href":"https:\/\/api.w.org\/{rel}","templated":true}]}}