{"id":31695,"date":"2025-08-16T10:23:09","date_gmt":"2025-08-16T10:23:09","guid":{"rendered":"https:\/\/www.europesays.com\/pt\/31695\/"},"modified":"2025-08-16T10:23:09","modified_gmt":"2025-08-16T10:23:09","slug":"catarina-miranda-levanta-se-da-cama-e-desata-logo-a-discutir-tvi","status":"publish","type":"post","link":"https:\/\/www.europesays.com\/pt\/31695\/","title":{"rendered":"Catarina Miranda levanta-se da cama e desata logo a discutir &#8211; TVI"},"content":{"rendered":"<ol>\n<li><a href=\"https:\/\/news.google.com\/rss\/articles\/CBMivwFBVV95cUxPY3lNQWtCQTFpTXc0UW0weHZtUHV1MUxPZXY1bWY0V1pjc1V4UUtCd0lPd19YOUhSYVplVE9FQ1dsNlVoNGdaYm1iWUlkM1IyS2c4cUlVbmY4RnNNVlNGbmFqbF9yaGVkVUNmUGJvWEIwSk1vSno4eUwzaHdGbFNHSTlkLUx5V1J2dk1nZ2RLMXliNk5iMmRxYkowU3NXcFdacDh2ZEhSNzdqV2FQN3BlRkt3Q1BvX0ctVjFSWU0taw?oc=5\" target=\"_blank\" rel=\"nofollow noopener\">Catarina Miranda levanta-se da cama e desata logo a discutir<\/a>&nbsp;&nbsp;TVI<\/li>\n<li><a href=\"https:\/\/news.google.com\/rss\/articles\/CBMiuAFBVV95cUxNU29NU21YXzQ5QzNrbVl2ZkQzTExlaU1BN2xxTW1udlZzemFlOUZUZWZWWDNnOTFycVR4cFc1VWtnYmI5OXpMcXdtSFI3R0tRcTBmbEx5aTM5eFdDXzBILU1VTUZNNllqR1B5ODFYa0w2eFdiSTNBUExTTXdCYTdPejN5OWtmMVIwMFpUR3hWYTVCQUc4MGhOcy1tVnFlci1oVm1lS0V5a1A0a3hGY24zTHgtaHp4bExD?oc=5\" target=\"_blank\" rel=\"nofollow noopener\">Catarina Miranda apaixonada e acaba por &#8216;declara-se&#8217; a Afonso Leit\u00e3o: \u201cEu confio mesmo em ti a 100%\u201d<\/a>&nbsp;&nbsp;Dioguinho<\/li>\n<li><a href=\"https:\/\/news.google.com\/rss\/articles\/CBMiowFBVV95cUxOQTBWa0JjSTRZX1NKTmtJNDZhNG9Wa2pKVzFEZ2Y1VzJURzM2Ul9wWnRWemhHMnZwbXk4TmItMVh2cDI4NWJxR0xRUmJ4ZGdxcUpiS2lNbWxXU3NxazhITFNQUnNsSnpaRzVLdy1GUGszUFBVLUU5NVlJd0RZOUUwQ1hEMXpOUHNFYjdsNnoxbThyUktWdFBxUk9OV2J2dmJmY2FF?oc=5\" target=\"_blank\" rel=\"nofollow noopener\">Big Brother Ver\u00e3o: Catarina Miranda surpreende e beija Bruna na boca em plena gala<\/a>&nbsp;&nbsp;infocul.pt<\/li>\n<li><a href=\"https:\/\/news.google.com\/rss\/articles\/CBMi5AFBVV95cUxPTXkzc3JYNGdvVjhpaGMyQUJNb01PSHktQU5pY0llVVIzSE9Bb1Z1NWZ2dmZscEljVzVXbTR4NzJUajRfclhyVmZjVHFPLTg0MmFva2xES29MTS1PdWY2MjU2eHhBUXRTSzVUR3MycWFra0ZVdlB4UVRSa3E0R2JYQW1ET0cxZWFzbTVQdE1NTXNJU3J2RkNSa2hhOEJVeTRDSTJXRzBrTUIyRV9hN3c5U09EanpMbngxNFlkSldtTUJCOXZ5ajJKMlJleDNJSG53ejJoR0Y1NW9sN3VNMmVSRFA2ZmI?oc=5\" target=\"_blank\" rel=\"nofollow noopener\">Num dia odeiam-se, no outro n\u00e3o se largam. Hoje \u00e9 s\u00f3 brincadeiras entre Afonso e Catarina Miranda<\/a>&nbsp;&nbsp;Not\u00edcias de hoje &#8211; IOL<\/li>\n<li><a href=\"https:\/\/news.google.com\/rss\/articles\/CBMitAFBVV95cUxPYTFqaS02Y2JpbWdkZGdYV3VnR3FYanZJZUFya2RIS19LYlhrcElVWHhmdW1EeFNsS255YWZpRnFhSlFpN1FXUVdMVmQzbEJKTERZY2c3eUx2aFZEd3pWdUlDMTZiVFRHbE9RYzRkRFR2ZmpjSm5yVEtkdnBhYngteHI4b2RKeWM4NVVOdFNxTjl0U1BBWDZzU0E0N2g3UE5GZ1dJQ2NnOXB5ZHRYQ2pVZ3pWNznSAboBQVVfeXFMTV8zSk5CbEptQVpVOHZzUF9WVnJKNGtpV0FuZzEwQ3k1M1RROTZQQzFBd0hOM2lLSlhTRGhadGlTdzkxQk5TTmFkUk1wSjl1Q3VTeXo2aUFxQkFTZVRGMnhrRU42VVFMOTI1WjhMNXcwdkFJcFl5SHlVUEctV0NKRDVvd1pmWVRDUWhlV1RfRUF4WTFDamFMNUJJWjcyRUlsazNsbTFMMzltVThVcEs5Z0JPTVdoZHFvbXdB?oc=5\" target=\"_blank\" rel=\"nofollow noopener\">Big Brother Ver\u00e3o: passado escondido de Catarina Miranda e Afonso Leit\u00e3o vem \u00e0 tona<\/a>&nbsp;&nbsp;A Televis\u00e3o<\/li>\n<\/ol>\n","protected":false},"excerpt":{"rendered":"Catarina Miranda levanta-se da cama e desata logo a discutir&nbsp;&nbsp;TVI Catarina Miranda apaixonada e acaba por &#8216;declara-se&#8217; a&hellip;\n","protected":false},"author":2,"featured_media":31696,"comment_status":"","ping_status":"","sticky":false,"template":"","format":"standard","meta":{"footnotes":""},"categories":[142],"tags":[331,48,342,329,333,328,335,336,114,115,334,332,330,672,13,32,33,151,162,227],"class_list":{"0":"post-31695","1":"post","2":"type-post","3":"status-publish","4":"format-standard","5":"has-post-thumbnail","7":"category-tv","8":"tag-big","9":"tag-big-brother","10":"tag-catarina-miranda","11":"tag-claudio-ramos","12":"tag-comentadores","13":"tag-concorrentes","14":"tag-confrontos","15":"tag-discussoes","16":"tag-entertainment","17":"tag-entretenimento","18":"tag-exclusivos","19":"tag-expulso","20":"tag-gala","21":"tag-kina","22":"tag-noticias","23":"tag-portugal","24":"tag-pt","25":"tag-tv","26":"tag-tvi","27":"tag-videos"},"share_on_mastodon":{"url":"","error":""},"_links":{"self":[{"href":"https:\/\/www.europesays.com\/pt\/wp-json\/wp\/v2\/posts\/31695","targetHints":{"allow":["GET"]}}],"collection":[{"href":"https:\/\/www.europesays.com\/pt\/wp-json\/wp\/v2\/posts"}],"about":[{"href":"https:\/\/www.europesays.com\/pt\/wp-json\/wp\/v2\/types\/post"}],"author":[{"embeddable":true,"href":"https:\/\/www.europesays.com\/pt\/wp-json\/wp\/v2\/users\/2"}],"replies":[{"embeddable":true,"href":"https:\/\/www.europesays.com\/pt\/wp-json\/wp\/v2\/comments?post=31695"}],"version-history":[{"count":0,"href":"https:\/\/www.europesays.com\/pt\/wp-json\/wp\/v2\/posts\/31695\/revisions"}],"wp:featuredmedia":[{"embeddable":true,"href":"https:\/\/www.europesays.com\/pt\/wp-json\/wp\/v2\/media\/31696"}],"wp:attachment":[{"href":"https:\/\/www.europesays.com\/pt\/wp-json\/wp\/v2\/media?parent=31695"}],"wp:term":[{"taxonomy":"category","embeddable":true,"href":"https:\/\/www.europesays.com\/pt\/wp-json\/wp\/v2\/categories?post=31695"},{"taxonomy":"post_tag","embeddable":true,"href":"https:\/\/www.europesays.com\/pt\/wp-json\/wp\/v2\/tags?post=31695"}],"curies":[{"name":"wp","href":"https:\/\/api.w.org\/{rel}","templated":true}]}}