{"id":317022,"date":"2026-03-24T14:03:48","date_gmt":"2026-03-24T14:03:48","guid":{"rendered":"https:\/\/www.europesays.com\/pt\/317022\/"},"modified":"2026-03-24T14:03:48","modified_gmt":"2026-03-24T14:03:48","slug":"podera-um-missil-enviado-do-irao-atingir-portugal","status":"publish","type":"post","link":"https:\/\/www.europesays.com\/pt\/317022\/","title":{"rendered":"Poder\u00e1 um m\u00edssil enviado do Ir\u00e3o atingir Portugal?"},"content":{"rendered":"<p>A instabilidade no M\u00e9dio Oriente volta a levantar uma quest\u00e3o que muitos fazem: existe risco real de um m\u00edssil do Ir\u00e3o chegar \u00e0 Europa, em especial a Portugal?<\/p>\n<p><a target=\"_blank\" href=\"https:\/\/pplware.sapo.pt\/wp-content\/uploads\/2026\/03\/HD9dX-Ga8AAag3K.jpeg\" onclick=\"refreshIframe()\" class=\"foobox\" rel=\"nofollow noopener\"><img fetchpriority=\"high\" decoding=\"async\" src=\"https:\/\/www.europesays.com\/pt\/wp-content\/uploads\/2026\/03\/HD9dX-Ga8AAag3K-720x390.jpeg\" alt=\"\" width=\"720\" height=\"390\" class=\"aligncenter size-medium wp-image-1109953\"  \/><\/a><\/p>\n<p>Ir\u00e3o n\u00e3o t\u00eam m\u00edsseis bal\u00edsticos intercontinentais<\/p>\n<p>Entre Ir\u00e3o e Portugal a dist\u00e2ncia \u00e9 de cerca de 4.000 a 5.000 km. Para cobrir essa dist\u00e2ncia, seriam necess\u00e1rios m\u00edsseis bal\u00edsticos intercontinentais (ICBM), algo que n\u00e3o faz parte do arsenal operacional confirmado de Teer\u00e3o.<\/p>\n<p>O Ir\u00e3o tem investido fortemente em tecnologia bal\u00edstica, mas os sistemas conhecidos ficam aqu\u00e9m:<\/p>\n<ul>\n<li>Shahab-3 missile: alcance at\u00e9 ~1.300 km<\/li>\n<li>Sejjil missile: pode chegar aos ~2.000\u20132.500 km<\/li>\n<\/ul>\n<p>Na pr\u00e1tica, estes m\u00edsseis n\u00e3o conseguem atingir a Europa Ocidental, muito menos Portugal.<\/p>\n<p><a target=\"_blank\" href=\"https:\/\/pplware.sapo.pt\/wp-content\/uploads\/2026\/03\/9_679e37f3ecb104ee8e118c65ce9082cf_1200x675.jpg\" onclick=\"refreshIframe()\" class=\"foobox\" rel=\"nofollow noopener\"><img loading=\"lazy\" decoding=\"async\" src=\"https:\/\/www.europesays.com\/pt\/wp-content\/uploads\/2026\/03\/9_679e37f3ecb104ee8e118c65ce9082cf_1200x675-720x405.jpg\" alt=\"\" width=\"720\" height=\"405\" class=\"aligncenter size-medium wp-image-1109954\"  \/><\/a><\/p>\n<p>Existem ind\u00edcios de que o Ir\u00e3o poder\u00e1 estar a desenvolver tecnologia com maior alcance. Ainda assim, n\u00e3o h\u00e1 confirma\u00e7\u00e3o p\u00fablica de um m\u00edssil capaz de atingir alvos t\u00e3o distantes como o territ\u00f3rio portugu\u00eas.<\/p>\n<p>A Europa tem v\u00e1rios sistemas de defesa a\u00e9rea e antim\u00edssil, mas n\u00e3o existe (ainda) um \u201cescudo \u00fanico\u201d totalmente integrado como, por exemplo, o de Israel. Em vez disso, h\u00e1 uma combina\u00e7\u00e3o de sistemas nacionais + coordena\u00e7\u00e3o da NATO.<\/p>\n","protected":false},"excerpt":{"rendered":"A instabilidade no M\u00e9dio Oriente volta a levantar uma quest\u00e3o que muitos fazem: existe risco real de um&hellip;\n","protected":false},"author":2,"featured_media":317023,"comment_status":"","ping_status":"","sticky":false,"template":"","format":"standard","meta":{"footnotes":"","_share_on_mastodon":"0"},"categories":[50],"tags":[27,28,15,16,830,14,25,26,21,22,11978,62,12,13,19,20,32,23,24,17,18,29,30,31,63,64,65],"class_list":["post-317022","post","type-post","status-publish","format-standard","has-post-thumbnail","category-mundo","tag-breaking-news","tag-breakingnews","tag-featured-news","tag-featurednews","tag-guerra","tag-headlines","tag-latest-news","tag-latestnews","tag-main-news","tag-mainnews","tag-missil","tag-mundo","tag-news","tag-noticias","tag-noticias-principais","tag-noticiasprincipais","tag-portugal","tag-principais-noticias","tag-principaisnoticias","tag-top-stories","tag-topstories","tag-ultimas","tag-ultimas-noticias","tag-ultimasnoticias","tag-world","tag-world-news","tag-worldnews"],"share_on_mastodon":{"url":"https:\/\/pubeurope.com\/@pt\/116284529444000073","error":""},"_links":{"self":[{"href":"https:\/\/www.europesays.com\/pt\/wp-json\/wp\/v2\/posts\/317022","targetHints":{"allow":["GET"]}}],"collection":[{"href":"https:\/\/www.europesays.com\/pt\/wp-json\/wp\/v2\/posts"}],"about":[{"href":"https:\/\/www.europesays.com\/pt\/wp-json\/wp\/v2\/types\/post"}],"author":[{"embeddable":true,"href":"https:\/\/www.europesays.com\/pt\/wp-json\/wp\/v2\/users\/2"}],"replies":[{"embeddable":true,"href":"https:\/\/www.europesays.com\/pt\/wp-json\/wp\/v2\/comments?post=317022"}],"version-history":[{"count":0,"href":"https:\/\/www.europesays.com\/pt\/wp-json\/wp\/v2\/posts\/317022\/revisions"}],"wp:featuredmedia":[{"embeddable":true,"href":"https:\/\/www.europesays.com\/pt\/wp-json\/wp\/v2\/media\/317023"}],"wp:attachment":[{"href":"https:\/\/www.europesays.com\/pt\/wp-json\/wp\/v2\/media?parent=317022"}],"wp:term":[{"taxonomy":"category","embeddable":true,"href":"https:\/\/www.europesays.com\/pt\/wp-json\/wp\/v2\/categories?post=317022"},{"taxonomy":"post_tag","embeddable":true,"href":"https:\/\/www.europesays.com\/pt\/wp-json\/wp\/v2\/tags?post=317022"}],"curies":[{"name":"wp","href":"https:\/\/api.w.org\/{rel}","templated":true}]}}