{"id":31705,"date":"2025-08-16T10:30:20","date_gmt":"2025-08-16T10:30:20","guid":{"rendered":"https:\/\/www.europesays.com\/pt\/31705\/"},"modified":"2025-08-16T10:30:20","modified_gmt":"2025-08-16T10:30:20","slug":"um-baixa-outro-mantem-se-veja-como-vao-estar-os-precos-dos-combustiveis-para-a-semana-human-resources","status":"publish","type":"post","link":"https:\/\/www.europesays.com\/pt\/31705\/","title":{"rendered":"Um baixa, outro mant\u00e9m-se. Veja como v\u00e3o estar os pre\u00e7os dos combust\u00edveis para a semana \u2013 Human Resources"},"content":{"rendered":"\n<p>Um baixa, outro mant\u00e9m-se. Veja como v\u00e3o estar os pre\u00e7os dos combust\u00edveis para a semana \u2013 Human Resources<\/p>\n<ul class=\"bf-breadcrumb-items\" itemscope=\"\" itemtype=\"http:\/\/schema.org\/BreadcrumbList\">\n<li itemprop=\"itemListElement\" itemscope=\"\" itemtype=\"http:\/\/schema.org\/ListItem\" class=\"bf-breadcrumb-item bf-breadcrumb-begin\"><a itemprop=\"item\" href=\"https:\/\/hrportugal.sapo.pt\" rel=\"home nofollow noopener\" target=\"_blank\">Home<\/a><\/li>\n<li itemprop=\"itemListElement\" itemscope=\"\" itemtype=\"http:\/\/schema.org\/ListItem\" class=\"bf-breadcrumb-item\"><a itemprop=\"item\" href=\"https:\/\/hrportugal.sapo.pt\/categoria\/noticias\/\" rel=\"nofollow noopener\" target=\"_blank\">Not\u00edcias<\/a><\/li>\n<li itemprop=\"itemListElement\" itemscope=\"\" itemtype=\"http:\/\/schema.org\/ListItem\" class=\"bf-breadcrumb-item bf-breadcrumb-end\">Um baixa, outro mant\u00e9m-se. Veja como v\u00e3o estar os pre\u00e7os dos combust\u00edveis para a semana<\/li>\n<\/ul>\n","protected":false},"excerpt":{"rendered":"Um baixa, outro mant\u00e9m-se. Veja como v\u00e3o estar os pre\u00e7os dos combust\u00edveis para a semana \u2013 Human Resources&hellip;\n","protected":false},"author":2,"featured_media":31706,"comment_status":"","ping_status":"","sticky":false,"template":"","format":"standard","meta":{"footnotes":""},"categories":[83],"tags":[88,855,9055,89,90,619,32,10302,10303,33],"class_list":{"0":"post-31705","1":"post","2":"type-post","3":"status-publish","4":"format-standard","5":"has-post-thumbnail","7":"category-empresas","8":"tag-business","9":"tag-combustiveis","10":"tag-combustivel","11":"tag-economy","12":"tag-empresas","13":"tag-nacional","14":"tag-portugal","15":"tag-preco-combustivel","16":"tag-preco-do-combustivel","17":"tag-pt"},"share_on_mastodon":{"url":"","error":""},"_links":{"self":[{"href":"https:\/\/www.europesays.com\/pt\/wp-json\/wp\/v2\/posts\/31705","targetHints":{"allow":["GET"]}}],"collection":[{"href":"https:\/\/www.europesays.com\/pt\/wp-json\/wp\/v2\/posts"}],"about":[{"href":"https:\/\/www.europesays.com\/pt\/wp-json\/wp\/v2\/types\/post"}],"author":[{"embeddable":true,"href":"https:\/\/www.europesays.com\/pt\/wp-json\/wp\/v2\/users\/2"}],"replies":[{"embeddable":true,"href":"https:\/\/www.europesays.com\/pt\/wp-json\/wp\/v2\/comments?post=31705"}],"version-history":[{"count":0,"href":"https:\/\/www.europesays.com\/pt\/wp-json\/wp\/v2\/posts\/31705\/revisions"}],"wp:featuredmedia":[{"embeddable":true,"href":"https:\/\/www.europesays.com\/pt\/wp-json\/wp\/v2\/media\/31706"}],"wp:attachment":[{"href":"https:\/\/www.europesays.com\/pt\/wp-json\/wp\/v2\/media?parent=31705"}],"wp:term":[{"taxonomy":"category","embeddable":true,"href":"https:\/\/www.europesays.com\/pt\/wp-json\/wp\/v2\/categories?post=31705"},{"taxonomy":"post_tag","embeddable":true,"href":"https:\/\/www.europesays.com\/pt\/wp-json\/wp\/v2\/tags?post=31705"}],"curies":[{"name":"wp","href":"https:\/\/api.w.org\/{rel}","templated":true}]}}