{"id":317157,"date":"2026-03-24T16:36:22","date_gmt":"2026-03-24T16:36:22","guid":{"rendered":"https:\/\/www.europesays.com\/pt\/317157\/"},"modified":"2026-03-24T16:36:22","modified_gmt":"2026-03-24T16:36:22","slug":"vitoria-pesadelo-vitoria-perde-a-guarda-dos-filhos-para-carolina-e-e-incentivada-a-fugir-com-afonso-francisco-e-matilde-novelas","status":"publish","type":"post","link":"https:\/\/www.europesays.com\/pt\/317157\/","title":{"rendered":"Vit\u00f3ria. Pesadelo: Vit\u00f3ria perde a guarda dos filhos para Carolina e \u00e9 incentivada a fugir com Afonso, Francisco e Matilde &#8211; Novelas"},"content":{"rendered":"<p>\u00c9 o momento que Vit\u00f3ria (Cl\u00e1udia Vieira) nunca imaginou voltar a viver. Ap\u00f3s o inferno no passado, a costureira vai voltar a perder a guarda dos filhos na sequ\u00eancia de um plano maquiav\u00e9lio de Isabel (Vanessa Gi\u00e1como) e Carolina (Lu\u00edsa Cruz), que a tramam em tribunal. <\/p>\n<p>Em casa, Vit\u00f3ria revive mentalmente a audi\u00eancia em tribunal e desaba a chorar. Os filhos juntam-se a ela e prometem que ningu\u00e9m os vai separar. <\/p>\n<p>        &#13;<\/p>\n<p>                        &#13;<br \/>\n                            <img decoding=\"async\" src=\"https:\/\/www.europesays.com\/pt\/wp-content\/uploads\/2026\/03\/img_220x220uu2026-03-20-12-19-05-406585.jpg\" class=\"img_fluid\" loading=\"lazy\" alt=\"\"\/>&#13;<\/p>\n<p class=\"title\">Ler tamb\u00e9m<\/p>\n<p>                    <a href=\"https:\/\/www.tvguia.pt\/novelas\/detalhe\/vitoria-vinganca-isabel-aproveita-revolta-de-joao-e-denuncia-o-por-violencia-domestica\" class=\"streched_link\" title=\"\" content_list_position=\"1\" rel=\"nofollow noopener\" target=\"_blank\">Vit\u00f3ria. Vingan\u00e7a: Isabel aproveita revolta de Jo\u00e3o e denuncia-o por viol\u00eancia dom\u00e9stica <\/a><\/p>\n<p>            &#13;<\/p>\n<p>Horas depois, na sala de audi\u00eancias, o juiz l\u00ea a senten\u00e7a e anuncia que vai retirar a guarda dos filhos a Vit\u00f3ria e entreg\u00e1-la a Carolina. Nesse instante, a costureira desaba em l\u00e1grimas. <\/p>\n<p>Entretanto, no corredor do tribunal, a vil\u00e3 felicita a advogada pela vit\u00f3ria. Henrique (Albano Jer\u00f3nimo) n\u00e3o partilha do entusiasmo e mostra-se inquieto com o sofrimento da mulher e a vontade dos filhos de ficarem com a m\u00e3e. Carolina lembra-o de que, sem ela, ia perder o seu lugar de pai.  <\/p>\n<p>J\u00e1 Jo\u00e3o (Jorge Corrula) culpa-se por n\u00e3o ter desarmado a armadilha montada por Isabel. Vit\u00f3ria, bastante abalada, quer recorrer. Afonso (Vicente Gil) explode de raiva e acusa Jo\u00e3o de ser incompetente. Ainda no tribunal, Henrique tenta falar com os filhos mas \u00e9 rejeitado. <\/p>\n<p>        &#13;<\/p>\n<p>                        &#13;<br \/>\n                            <img decoding=\"async\" src=\"https:\/\/www.europesays.com\/pt\/wp-content\/uploads\/2026\/03\/img_220x220uu2026-03-02-17-50-45-405234.jpg\" class=\"img_fluid\" loading=\"lazy\" alt=\"\"\/>&#13;<\/p>\n<p class=\"title\">Ler tamb\u00e9m<\/p>\n<p>                    <a href=\"https:\/\/www.tvguia.pt\/novelas\/detalhe\/vitoria-choque-henrique-pede-uma-oportunidade-a-vitoria-e-a-resposta-da-mulher-e-surpreendente\" class=\"streched_link\" title=\"\" content_list_position=\"2\" rel=\"nofollow noopener\" target=\"_blank\">Vit\u00f3ria. Choque: Henrique pede uma oportunidade a Vit\u00f3ria e a resposta da mulher \u00e9 surpreendente <\/a><\/p>\n<p>            &#13;<\/p>\n<p>De regresso a casa, Vit\u00f3ria e os meninos est\u00e3o muito consternados. Afonso descarrega a revolta em Jo\u00e3o e acaba por sugerir \u00e0 m\u00e3e e aos irm\u00e3os que fujam. Todavia, o advogado alerta que isso s\u00f3 agravaria a situa\u00e7\u00e3o. De rastos, a costureira pede aos filhos que comecem a fazer as malas. <\/p>\n<p>Saiba tudo sobre &#8216;Vit\u00f3ria&#8217; e as outras novelas na revista\u00a0<b>TV Guia\u00a0<\/b>desta semana, j\u00e1 nas bancas de Portugal, ou na vers\u00e3o digital,\u00a0<a href=\"https:\/\/assinaturas.xl.pt\/tv_guia\" rel=\"nofollow noopener\" target=\"_blank\">aqui<\/a>.\u00a0 \u00a0\u00a0<\/p>\n<p>            &#13;<br \/>\n                &#13;<br \/>\n&#13;<br \/>\n&#13;<br \/>\n    &#13;<br \/>\n&#13;<br \/>\n&#13;<\/p>\n","protected":false},"excerpt":{"rendered":"\u00c9 o momento que Vit\u00f3ria (Cl\u00e1udia Vieira) nunca imaginou voltar a viver. Ap\u00f3s o inferno no passado, a&hellip;\n","protected":false},"author":2,"featured_media":317158,"comment_status":"","ping_status":"","sticky":false,"template":"","format":"standard","meta":{"footnotes":"","_share_on_mastodon":"0"},"categories":[142],"tags":[41612,1477,1082,114,115,2910,48979,56017,32,33,151,40743,40876,40877,1698],"class_list":["post-317157","post","type-post","status-publish","format-standard","has-post-thumbnail","category-tv","tag-albano-jeronimo","tag-carolina","tag-claudia-vieira","tag-entertainment","tag-entretenimento","tag-isabel","tag-luisa-cruz","tag-novela-vitoria","tag-portugal","tag-pt","tag-tv","tag-tv-guia","tag-vanessa-giacomo","tag-vicente-gil","tag-vitoria"],"share_on_mastodon":{"url":"https:\/\/pubeurope.com\/@pt\/116285131073508275","error":""},"_links":{"self":[{"href":"https:\/\/www.europesays.com\/pt\/wp-json\/wp\/v2\/posts\/317157","targetHints":{"allow":["GET"]}}],"collection":[{"href":"https:\/\/www.europesays.com\/pt\/wp-json\/wp\/v2\/posts"}],"about":[{"href":"https:\/\/www.europesays.com\/pt\/wp-json\/wp\/v2\/types\/post"}],"author":[{"embeddable":true,"href":"https:\/\/www.europesays.com\/pt\/wp-json\/wp\/v2\/users\/2"}],"replies":[{"embeddable":true,"href":"https:\/\/www.europesays.com\/pt\/wp-json\/wp\/v2\/comments?post=317157"}],"version-history":[{"count":0,"href":"https:\/\/www.europesays.com\/pt\/wp-json\/wp\/v2\/posts\/317157\/revisions"}],"wp:featuredmedia":[{"embeddable":true,"href":"https:\/\/www.europesays.com\/pt\/wp-json\/wp\/v2\/media\/317158"}],"wp:attachment":[{"href":"https:\/\/www.europesays.com\/pt\/wp-json\/wp\/v2\/media?parent=317157"}],"wp:term":[{"taxonomy":"category","embeddable":true,"href":"https:\/\/www.europesays.com\/pt\/wp-json\/wp\/v2\/categories?post=317157"},{"taxonomy":"post_tag","embeddable":true,"href":"https:\/\/www.europesays.com\/pt\/wp-json\/wp\/v2\/tags?post=317157"}],"curies":[{"name":"wp","href":"https:\/\/api.w.org\/{rel}","templated":true}]}}