{"id":31719,"date":"2025-08-16T10:47:08","date_gmt":"2025-08-16T10:47:08","guid":{"rendered":"https:\/\/www.europesays.com\/pt\/31719\/"},"modified":"2025-08-16T10:47:08","modified_gmt":"2025-08-16T10:47:08","slug":"seis-idosos-morreram-em-incendio-no-lar-da-misericordia-de-mirandela","status":"publish","type":"post","link":"https:\/\/www.europesays.com\/pt\/31719\/","title":{"rendered":"Seis idosos morreram em inc\u00eandio no lar da Miseric\u00f3rdia de Mirandela"},"content":{"rendered":"<p>Seis idosos morreram na madrugada deste s\u00e1bado, num lar da Santa Casa da Miseric\u00f3rdia de Mirandela, na sequ\u00eancia de um inc\u00eandio, adiantou \u00e0 ag\u00eancia Lusa o provedor da institui\u00e7\u00e3o.\u00a0<\/p>\n<p>Segundo Ad\u00e9rito Gomes, o inc\u00eandio ter\u00e1 come\u00e7ado num &#8220;colch\u00e3o anti-escaras&#8221;, num quarto com tr\u00eas utentes, que acabaram por morrer. Outros tr\u00eas, devido \u00e0 inala\u00e7\u00e3o de fumo e a problemas respirat\u00f3rios, tamb\u00e9m n\u00e3o conseguiram resistir. <\/p>\n<p>Resultaram ainda 25 feridos, dos quais cinco em estado grave, segundo confirmou o presidente da C\u00e2mara Municipal de Mirandela. Os utentes feridos foram levados para os hospitais de Mirandela, Bragan\u00e7a e Macedo de Cavaleiros, disse.\u00a0<\/p>\n<p>\u00a0O inc\u00eandio aconteceu no lar Bom Samaritano, onde residem 89 idosos. Esteve confinado apenas ao quarto onde deflagrou, mas todo o edif\u00edcio ficou cheio de fumo.<\/p>\n<p>O inc\u00eandio deflagrou por volta das cinco da manh\u00e3 e foram as tr\u00eas funcion\u00e1rias que estavam ao servi\u00e7o que deram o alerta.<\/p>\n<p style=\"text-align: start;\">O autarca V\u00edtor Correia afirmou ainda que, \u00e0s 9h30, os utentes do lar que n\u00e3o tiveram qualquer ferimento come\u00e7aram a ser encaminhados para outros lares da Miseric\u00f3rdia e foi pedida ajuda \u00e0s corpora\u00e7\u00f5es de bombeiros dos concelhos vizinhos para o transporte dos idosos acamados.\u00a0<\/p>\n<p style=\"text-align: start;\">O munic\u00edpio est\u00e1 ainda a prestar apoio psicol\u00f3gico, log\u00edstico e a alimentar os familiares dos utentes, encaminhando-os para o Centro de Apoio \u00e0 V\u00edtima, instalado no pavilh\u00e3o do INATEL.<\/p>\n<p style=\"text-align: start;\">As opera\u00e7\u00f5es de transfer\u00eancia dos idosos ocorrem nas imedia\u00e7\u00f5es do lar, onde est\u00e3o alinhadas v\u00e1rias camas articuladas. Por perto, est\u00e3o v\u00e1rios carros de bombeiros e algumas ambul\u00e2ncias<\/p>\n","protected":false},"excerpt":{"rendered":"Seis idosos morreram na madrugada deste s\u00e1bado, num lar da Santa Casa da Miseric\u00f3rdia de Mirandela, na sequ\u00eancia&hellip;\n","protected":false},"author":2,"featured_media":31720,"comment_status":"","ping_status":"","sticky":false,"template":"","format":"standard","meta":{"footnotes":""},"categories":[10],"tags":[27,28,15,16,14,25,26,21,22,12,13,19,20,32,23,24,33,17,18,29,30,31],"class_list":{"0":"post-31719","1":"post","2":"type-post","3":"status-publish","4":"format-standard","5":"has-post-thumbnail","7":"category-portugal","8":"tag-breaking-news","9":"tag-breakingnews","10":"tag-featured-news","11":"tag-featurednews","12":"tag-headlines","13":"tag-latest-news","14":"tag-latestnews","15":"tag-main-news","16":"tag-mainnews","17":"tag-news","18":"tag-noticias","19":"tag-noticias-principais","20":"tag-noticiasprincipais","21":"tag-portugal","22":"tag-principais-noticias","23":"tag-principaisnoticias","24":"tag-pt","25":"tag-top-stories","26":"tag-topstories","27":"tag-ultimas","28":"tag-ultimas-noticias","29":"tag-ultimasnoticias"},"share_on_mastodon":{"url":"","error":""},"_links":{"self":[{"href":"https:\/\/www.europesays.com\/pt\/wp-json\/wp\/v2\/posts\/31719","targetHints":{"allow":["GET"]}}],"collection":[{"href":"https:\/\/www.europesays.com\/pt\/wp-json\/wp\/v2\/posts"}],"about":[{"href":"https:\/\/www.europesays.com\/pt\/wp-json\/wp\/v2\/types\/post"}],"author":[{"embeddable":true,"href":"https:\/\/www.europesays.com\/pt\/wp-json\/wp\/v2\/users\/2"}],"replies":[{"embeddable":true,"href":"https:\/\/www.europesays.com\/pt\/wp-json\/wp\/v2\/comments?post=31719"}],"version-history":[{"count":0,"href":"https:\/\/www.europesays.com\/pt\/wp-json\/wp\/v2\/posts\/31719\/revisions"}],"wp:featuredmedia":[{"embeddable":true,"href":"https:\/\/www.europesays.com\/pt\/wp-json\/wp\/v2\/media\/31720"}],"wp:attachment":[{"href":"https:\/\/www.europesays.com\/pt\/wp-json\/wp\/v2\/media?parent=31719"}],"wp:term":[{"taxonomy":"category","embeddable":true,"href":"https:\/\/www.europesays.com\/pt\/wp-json\/wp\/v2\/categories?post=31719"},{"taxonomy":"post_tag","embeddable":true,"href":"https:\/\/www.europesays.com\/pt\/wp-json\/wp\/v2\/tags?post=31719"}],"curies":[{"name":"wp","href":"https:\/\/api.w.org\/{rel}","templated":true}]}}