{"id":31739,"date":"2025-08-16T11:02:09","date_gmt":"2025-08-16T11:02:09","guid":{"rendered":"https:\/\/www.europesays.com\/pt\/31739\/"},"modified":"2025-08-16T11:02:09","modified_gmt":"2025-08-16T11:02:09","slug":"imprensa-espanhola-fala-em-70-milhoes-de-euros-por-yeremay-hernandez","status":"publish","type":"post","link":"https:\/\/www.europesays.com\/pt\/31739\/","title":{"rendered":"imprensa espanhola fala em 70 milh\u00f5es de euros por Yeremay Hern\u00e1ndez"},"content":{"rendered":"<p><strong>Yeremay Hern\u00e1ndez \u00e9 o grande desejo do Sporting neste mercado. A imprensa espanhola revela que o Deportivo de La Coru\u00f1a quer 70 milh\u00f5es de euros pelo extremo.<\/strong><\/p>\n<p>De acordo com o La Voz de Galicia, o Deportivo de La Coru\u00f1a apenas est\u00e1 disposto a deixar sair Yeremay Hern\u00e1ndez por 70 milh\u00f5es de euros. O conjunto galego n\u00e3o tem interesse nenhum em perder o extremo e por isso est\u00e1 a pedir valores bastante exagerados pelo craque.<\/p>\n<p>Algumas fontes indicam que a cl\u00e1usula de rescis\u00e3o de Yeremay Hern\u00e1ndez \u00e9 de 50 milh\u00f5es de euros, mas uma mudan\u00e7a pode ser feita por uma verba superior, caso a oferta seja dividida em mais de uma tranche. O Sporting est\u00e1 muito interessado em garantir o extremo, <a href=\"https:\/\/bolanarede.pt\/especial-bola-na-rede\/atualidade\/deportivo-de-la-coruna-nao-esta-para-brincadeiras-quer-100-milhoes-de-euros-por-yeremay-hernandez-e-outro-craque\/\" target=\"_blank\" rel=\"noreferrer noopener nofollow\">mas a negocia\u00e7\u00e3o promete ser complicada<\/a>.<\/p>\n<p>Yeremay Hern\u00e1ndez tem 22 anos e na \u00faltima temporada realizou 39 encontros, com 15 golos marcados e cinco assist\u00eancias. O Deportivo de La Coru\u00f1a pertence \u00e0 La Liga 2.<\/p>\n","protected":false},"excerpt":{"rendered":"Yeremay Hern\u00e1ndez \u00e9 o grande desejo do Sporting neste mercado. A imprensa espanhola revela que o Deportivo de&hellip;\n","protected":false},"author":2,"featured_media":26960,"comment_status":"","ping_status":"","sticky":false,"template":"","format":"standard","meta":{"footnotes":""},"categories":[8],"tags":[260,27,28,10310,478,15,16,14,3085,25,26,21,22,12,13,19,20,32,23,24,33,34,17,18,29,30,31,9128],"class_list":{"0":"post-31739","1":"post","2":"type-post","3":"status-publish","4":"format-standard","5":"has-post-thumbnail","7":"category-principais-noticias","8":"tag-atualidade","9":"tag-breaking-news","10":"tag-breakingnews","11":"tag-deportivo-de-la-coruna","12":"tag-destaques-bnr","13":"tag-featured-news","14":"tag-featurednews","15":"tag-headlines","16":"tag-la-liga-2","17":"tag-latest-news","18":"tag-latestnews","19":"tag-main-news","20":"tag-mainnews","21":"tag-news","22":"tag-noticias","23":"tag-noticias-principais","24":"tag-noticiasprincipais","25":"tag-portugal","26":"tag-principais-noticias","27":"tag-principaisnoticias","28":"tag-pt","29":"tag-sporting","30":"tag-top-stories","31":"tag-topstories","32":"tag-ultimas","33":"tag-ultimas-noticias","34":"tag-ultimasnoticias","35":"tag-yeremay-hernandez"},"share_on_mastodon":{"url":"","error":""},"_links":{"self":[{"href":"https:\/\/www.europesays.com\/pt\/wp-json\/wp\/v2\/posts\/31739","targetHints":{"allow":["GET"]}}],"collection":[{"href":"https:\/\/www.europesays.com\/pt\/wp-json\/wp\/v2\/posts"}],"about":[{"href":"https:\/\/www.europesays.com\/pt\/wp-json\/wp\/v2\/types\/post"}],"author":[{"embeddable":true,"href":"https:\/\/www.europesays.com\/pt\/wp-json\/wp\/v2\/users\/2"}],"replies":[{"embeddable":true,"href":"https:\/\/www.europesays.com\/pt\/wp-json\/wp\/v2\/comments?post=31739"}],"version-history":[{"count":0,"href":"https:\/\/www.europesays.com\/pt\/wp-json\/wp\/v2\/posts\/31739\/revisions"}],"wp:featuredmedia":[{"embeddable":true,"href":"https:\/\/www.europesays.com\/pt\/wp-json\/wp\/v2\/media\/26960"}],"wp:attachment":[{"href":"https:\/\/www.europesays.com\/pt\/wp-json\/wp\/v2\/media?parent=31739"}],"wp:term":[{"taxonomy":"category","embeddable":true,"href":"https:\/\/www.europesays.com\/pt\/wp-json\/wp\/v2\/categories?post=31739"},{"taxonomy":"post_tag","embeddable":true,"href":"https:\/\/www.europesays.com\/pt\/wp-json\/wp\/v2\/tags?post=31739"}],"curies":[{"name":"wp","href":"https:\/\/api.w.org\/{rel}","templated":true}]}}