{"id":31756,"date":"2025-08-16T11:24:07","date_gmt":"2025-08-16T11:24:07","guid":{"rendered":"https:\/\/www.europesays.com\/pt\/31756\/"},"modified":"2025-08-16T11:24:07","modified_gmt":"2025-08-16T11:24:07","slug":"otavio-e-a-prioridade-de-um-clube-e-pode-deixar-o-al-nassr-neste-mercado","status":"publish","type":"post","link":"https:\/\/www.europesays.com\/pt\/31756\/","title":{"rendered":"Ot\u00e1vio \u00e9 a prioridade de um clube e pode deixar o Al Nassr neste mercado"},"content":{"rendered":"<p><strong>Ot\u00e1vio pode deixar o Al Nassr neste mercado de transfer\u00eancias. O jogador \u00e9 considerado como uma prioridade para o Al Diraiyah.<\/strong><\/p>\n<p>Ot\u00e1vio \u00e9 visto como a grande prioridade do Al Diraiyah neste mercado de transfer\u00eancias. De acordo com o jornalista Fabrizio Romano, o jogador \u00e9 considerado como a pedra basilar do projeto do emblema saudita, que se encontra no segundo escal\u00e3o do futebol do pa\u00eds do M\u00e9dio Oriente.<\/p>\n<p>O Al Nassr \u00e9 o detentor do passe de Ot\u00e1vio, mas Jorge Jesus n\u00e3o conta com o internacional portugu\u00eas. O m\u00e9dio ofensivo tem 30 anos e na \u00faltima temporada somou 40 encontros, com um golo marcado e oito assist\u00eancias.<\/p>\n<p>O contrato de Ot\u00e1vio termina no final da presente \u00e9poca e o seu valor de mercado \u00e9 de 15 milh\u00f5es de euros, segundo o Transfermarkt.<\/p>\n<blockquote class=\"twitter-tweet\" data-width=\"550\" data-dnt=\"true\">\n<p lang=\"en\" dir=\"ltr\">\ud83d\udea8\ud83c\uddf8\ud83c\udde6 Al-Diraiyah FC want Al Nassr midfielder Ot\u00e1vio as priority target for their ambitious project.<\/p>\n<p>He\u2019s also been approached by Turkish clubs as Ot\u00e1vio can leave the club soon. <a href=\"https:\/\/t.co\/m8YS3JwrAw\" rel=\"nofollow\">pic.twitter.com\/m8YS3JwrAw<\/a><\/p>\n<p>\u2014 Fabrizio Romano (@FabrizioRomano) <a href=\"https:\/\/twitter.com\/FabrizioRomano\/status\/1956506078557954057?ref_src=twsrc%5Etfw\" rel=\"nofollow noopener\" target=\"_blank\">August 15, 2025<\/a><\/p><\/blockquote>\n<p><script async src=\"https:\/\/platform.twitter.com\/widgets.js\" charset=\"utf-8\"><\/script><\/p>\n","protected":false},"excerpt":{"rendered":"Ot\u00e1vio pode deixar o Al Nassr neste mercado de transfer\u00eancias. O jogador \u00e9 considerado como uma prioridade para&hellip;\n","protected":false},"author":2,"featured_media":754,"comment_status":"","ping_status":"","sticky":false,"template":"","format":"standard","meta":{"footnotes":""},"categories":[87],"tags":[10313,685,260,135,687,32,33,134],"class_list":{"0":"post-31756","1":"post","2":"type-post","3":"status-publish","4":"format-standard","5":"has-post-thumbnail","7":"category-desporto","8":"tag-al-diraiyah","9":"tag-al-nassr","10":"tag-atualidade","11":"tag-desporto","12":"tag-otavio","13":"tag-portugal","14":"tag-pt","15":"tag-sports"},"share_on_mastodon":{"url":"","error":""},"_links":{"self":[{"href":"https:\/\/www.europesays.com\/pt\/wp-json\/wp\/v2\/posts\/31756","targetHints":{"allow":["GET"]}}],"collection":[{"href":"https:\/\/www.europesays.com\/pt\/wp-json\/wp\/v2\/posts"}],"about":[{"href":"https:\/\/www.europesays.com\/pt\/wp-json\/wp\/v2\/types\/post"}],"author":[{"embeddable":true,"href":"https:\/\/www.europesays.com\/pt\/wp-json\/wp\/v2\/users\/2"}],"replies":[{"embeddable":true,"href":"https:\/\/www.europesays.com\/pt\/wp-json\/wp\/v2\/comments?post=31756"}],"version-history":[{"count":0,"href":"https:\/\/www.europesays.com\/pt\/wp-json\/wp\/v2\/posts\/31756\/revisions"}],"wp:featuredmedia":[{"embeddable":true,"href":"https:\/\/www.europesays.com\/pt\/wp-json\/wp\/v2\/media\/754"}],"wp:attachment":[{"href":"https:\/\/www.europesays.com\/pt\/wp-json\/wp\/v2\/media?parent=31756"}],"wp:term":[{"taxonomy":"category","embeddable":true,"href":"https:\/\/www.europesays.com\/pt\/wp-json\/wp\/v2\/categories?post=31756"},{"taxonomy":"post_tag","embeddable":true,"href":"https:\/\/www.europesays.com\/pt\/wp-json\/wp\/v2\/tags?post=31756"}],"curies":[{"name":"wp","href":"https:\/\/api.w.org\/{rel}","templated":true}]}}