{"id":31800,"date":"2025-08-16T12:17:09","date_gmt":"2025-08-16T12:17:09","guid":{"rendered":"https:\/\/www.europesays.com\/pt\/31800\/"},"modified":"2025-08-16T12:17:09","modified_gmt":"2025-08-16T12:17:09","slug":"surto-de-sarampo-na-bolivia-e-acoes-de-vacinacao","status":"publish","type":"post","link":"https:\/\/www.europesays.com\/pt\/31800\/","title":{"rendered":"Surto de Sarampo na Bol\u00edvia e A\u00e7\u00f5es de Vacina\u00e7\u00e3o"},"content":{"rendered":"<p>Cidade fronteiri\u00e7a vem mantendo a\u00e7\u00f5es de vacina\u00e7\u00e3o e orienta\u00e7\u00e3o para evitar o surgimento de casos em MS<\/p>\n<p><a href=\"https:\/\/cdn6.campograndenews.com.br\/uploads\/noticias\/2025\/08\/15\/2bd3cda2f52df5a49da4e13175e2468fa9afe39b.jpg\" data-fslightbox=\"gallery\" data-title=\"Surto de sarampo na Bol\u00edvia mant\u00e9m Corumb\u00e1 em alerta epidemiol\u00f3gico\" rel=\"nofollow noopener\" target=\"_blank\"><img decoding=\"async\" src=\"https:\/\/www.europesays.com\/pt\/wp-content\/uploads\/2025\/08\/3cb89cmekcyss.jpg\" class=\"img-fluid\" width=\"800\" alt=\"Surto de sarampo na Bol\u00edvia mant\u00e9m Corumb\u00e1 em alerta epidemiol\u00f3gico\" title=\"Surto de sarampo na Bol\u00edvia mant\u00e9m Corumb\u00e1 em alerta epidemiol\u00f3gico\" height=\"683\"   loading=\"lazy\"\/><\/a>Dia D de vacina\u00e7\u00e3o contra sarampo que aconteceu em Corumb\u00e1 no m\u00eas passado (Foto: Divulga\u00e7\u00e3o \/ Prefeitura de Corumb\u00e1)<\/p>\n<p>Desde os primeiros casos de sarampo confirmados na Bol\u00edvia e no Paraguai neste ano, o risco de reintrodu\u00e7\u00e3o do v\u00edrus \u00e9 real em Mato Grosso do Sul. O Governo do Estado, por interm\u00e9dio da SES (Secretaria de Estado de <a href=\"https:\/\/www.campograndenews.com.br\/saude\" target=\"_blank\" rel=\"nofollow noopener\">Sa\u00fade<\/a>), intensificou as a\u00e7\u00f5es epidemiol\u00f3gicas para bloquear o surgimento de casos da doen\u00e7a, com foco nas regi\u00f5es de Corumb\u00e1 e Lad\u00e1rio.<\/p>\n<p>O surto de sarampo na Bol\u00edvia, com 243 casos confirmados em oito departamentos, coloca Corumb\u00e1 (MS) em alerta epidemiol\u00f3gico. Santa Cruz de La Sierra, epicentro da doen\u00e7a e localizada a 656 km da fronteira brasileira, registra o maior n\u00famero de ocorr\u00eancias, com 204 casos. A Prefeitura de Corumb\u00e1 intensificou as a\u00e7\u00f5es de vigil\u00e2ncia e vacina\u00e7\u00e3o desde julho, priorizando escolas com grande n\u00famero de alunos bolivianos. Em parceria com o Minist\u00e9rio da Sa\u00fade, o munic\u00edpio realiza campanhas preventivas, incluindo a aplica\u00e7\u00e3o da &#8220;dose zero&#8221; em beb\u00eas a partir de seis meses, como medida adicional de prote\u00e7\u00e3o.<\/p>\n<p>De acordo com informa\u00e7\u00f5es do Minist\u00e9rio de <a href=\"https:\/\/www.campograndenews.com.br\/saude\" target=\"_blank\" rel=\"nofollow noopener\">Sa\u00fade<\/a> e Esportes da Bol\u00edvia, at\u00e9 ontem (14), foram notificados 243 casos no pa\u00eds em oito departamentos: Santa Cruz (204); La Paz (13); Cochabamba (7); Potos\u00ed (6); Chuquisaca (4); Oruro (4); Beni (4); e Pando (1).<\/p>\n<p>Santa Cruz de La Sierra, epicentro do sarampo, est\u00e1 a 656 km de Corumb\u00e1, sendo a cidade mais pr\u00f3xima da fronteira que possui caso confirmado da doen\u00e7a.<\/p>\n<p>Em alerta diante dos casos confirmados no pa\u00eds vizinho, a Prefeitura de Corumb\u00e1 informou que mant\u00e9m as a\u00e7\u00f5es de vigil\u00e2ncia desde o in\u00edcio de julho.<\/p>\n<p>&#8220;Estamos dando seguimento \u00e0s a\u00e7\u00f5es de vigil\u00e2ncia, desde o surgimento do rumor dos casos de sarampo na Bol\u00edvia, e mantemos a programa\u00e7\u00e3o de vigil\u00e2ncia, vacina\u00e7\u00e3o e orienta\u00e7\u00e3o que j\u00e1 havia sido iniciada&#8221;, informou a Prefeitura em nota.<\/p>\n<p>Questionada se algum caso de sarampo foi confirmado ou est\u00e1 sob suspeita, a Prefeitura de Corumb\u00e1 informou que, at\u00e9 o momento, nenhum caso da doen\u00e7a foi registrado na cidade.<\/p>\n<p>De acordo com a SES, nas cidades de Lad\u00e1rio e Corumb\u00e1, est\u00e3o sendo realizadas campanhas de vacina\u00e7\u00e3o, bloqueio vacinal, busca ativa de sintom\u00e1ticos e a\u00e7\u00f5es educativas, em parceria com o Minist\u00e9rio da <a href=\"https:\/\/www.campograndenews.com.br\/saude\" target=\"_blank\" rel=\"nofollow noopener\">Sa\u00fade<\/a> e secretarias municipais.<\/p>\n<p>A Prefeitura de Corumb\u00e1, por meio da Secretaria Municipal de <a href=\"https:\/\/www.campograndenews.com.br\/saude\" target=\"_blank\" rel=\"nofollow noopener\">Sa\u00fade<\/a>, intensificou as a\u00e7\u00f5es de preven\u00e7\u00e3o ao sarampo ap\u00f3s a Bol\u00edvia emitir alerta sanit\u00e1rio devido ao aumento de casos no pa\u00eds.<\/p>\n<p>Diante do cen\u00e1rio, o munic\u00edpio de Corumb\u00e1 promoveu uma reuni\u00e3o emergencial envolvendo as secretarias de <a href=\"https:\/\/www.campograndenews.com.br\/saude\" target=\"_blank\" rel=\"nofollow noopener\">Sa\u00fade<\/a>, Assist\u00eancia Social e <a href=\"https:\/\/www.campograndenews.com.br\/educacao\" target=\"_blank\" rel=\"nofollow noopener\">Educa\u00e7\u00e3o<\/a>.\u00a0 Escolas com grande n\u00famero de alunos residentes na Bol\u00edvia, como Eutr\u00f3pia Gomes Pedroso, CAIC (Centro de Aten\u00e7\u00e3o Integral \u00e0 Crian\u00e7a e ao Adolescente) e Padre Ernesto Sassida, foram priorizadas para campanhas de vacina\u00e7\u00e3o.<\/p>\n<p>Em plena campanha para vacina\u00e7\u00e3o, a Secretaria Municipal de <a href=\"https:\/\/www.campograndenews.com.br\/saude\" target=\"_blank\" rel=\"nofollow noopener\">Sa\u00fade<\/a> de Corumb\u00e1 realizou o &#8216;Dia D&#8217; de vacina\u00e7\u00e3o em seis unidades da ESF (Estrat\u00e9gia de Sa\u00fade da Fam\u00edlia) distribu\u00eddas pela cidade, al\u00e9m de disponibilizar um ponto de drive-thru no gin\u00e1sio poliesportivo da Rua Porto Carrero.<\/p>\n<p>No m\u00eas de julho, a Bol\u00edvia declarou emerg\u00eancia sanit\u00e1ria devido ao surto de sarampo que vem enfrentando. Por este motivo, as a\u00e7\u00f5es na regi\u00e3o da fronteira est\u00e3o sendo refor\u00e7adas, em virtude do alto fluxo populacional entre os pa\u00edses.<\/p>\n<p>No Brasil, 21 casos de sarampo foram contabilizados neste ano, sendo tr\u00eas importados e dois sem hist\u00f3rico de viagem ou contato com viajantes. Desse total, 16 casos ocorreram somente no Estado do Tocantins.<\/p>\n<p>Embora o Pa\u00eds tenha recebido, em novembro do ano passado, o certificado de \u201cpa\u00eds livre do sarampo\u201d, a baixa ades\u00e3o vacinal tem favorecido o retorno da doen\u00e7a.<\/p>\n<p><strong>Dose zero &#8211;\u00a0<\/strong>O calend\u00e1rio vacinal do sarampo prev\u00ea a aplica\u00e7\u00e3o da tr\u00edplice viral aos 12 meses, com refor\u00e7o aos 15 meses, por\u00e9m, em car\u00e1ter excepcional, o Minist\u00e9rio da <a href=\"https:\/\/www.campograndenews.com.br\/saude\" target=\"_blank\" rel=\"nofollow noopener\">Sa\u00fade<\/a> recomendou a chamada \u201cdose zero\u201d para beb\u00eas a partir de seis meses, devido ao aumento do risco de complica\u00e7\u00f5es.<\/p>\n<p>Segundo nota t\u00e9cnica da SES, a dose zero n\u00e3o substitui as vacinas que j\u00e1 est\u00e3o previstas no calend\u00e1rio de rotina e n\u00e3o \u00e9 contabilizada para fins de cobertura vacinal, ou seja, funciona como prote\u00e7\u00e3o adicional aos beb\u00eas e ser\u00e1 aplicada em todos os munic\u00edpios do Estado que estiverem mais vulner\u00e1veis para a circula\u00e7\u00e3o do v\u00edrus.<\/p>\n<p>A nota ainda orienta que a vacina\u00e7\u00e3o seja intensificada tamb\u00e9m entre adolescentes, jovens e adultos, essencialmente os que s\u00e3o de outros pa\u00edses. O documento tamb\u00e9m recomenda a imuniza\u00e7\u00e3o de pessoas com APLV (alergia \u00e0 prote\u00edna do leite de vaca), que devem receber vacina sem componente alerg\u00eanico.<\/p>\n<p>Conforme informa\u00e7\u00f5es do Governo do Estado, Mato Grosso do Sul n\u00e3o registra casos confirmados de sarampo desde 2020, quando houve 10 confirma\u00e7\u00f5es em Campo Grande. Em 2019, foram quatro casos: dois em Tr\u00eas Lagoas e dois na Capital.<\/p>\n<p>O sarampo \u00e9 uma doen\u00e7a altamente contagiosa, que tem como principais sintomas: febre, erup\u00e7\u00f5es na pele, tosse e mal-estar intenso.<\/p>\n<p>Complica\u00e7\u00f5es podem levar \u00e0 morte, e o m\u00e9todo mais recomendado e eficaz de combate \u00e0 doen\u00e7a \u00e9 a vacina\u00e7\u00e3o.<\/p>\n","protected":false},"excerpt":{"rendered":"Cidade fronteiri\u00e7a vem mantendo a\u00e7\u00f5es de vacina\u00e7\u00e3o e orienta\u00e7\u00e3o para evitar o surgimento de casos em MS Dia&hellip;\n","protected":false},"author":2,"featured_media":31801,"comment_status":"","ping_status":"","sticky":false,"template":"","format":"standard","meta":{"footnotes":""},"categories":[86],"tags":[10322,1674,301,116,10321,10320,5578,4624,32,10315,33,10319,10317,5608,4066,10316,117,1457,10318],"class_list":{"0":"post-31800","1":"post","2":"type-post","3":"status-publish","4":"format-standard","5":"has-post-thumbnail","7":"category-saude","8":"tag-aes-epidemiolgicas","9":"tag-bolvia","10":"tag-governo","11":"tag-health","12":"tag-intensificou","13":"tag-intermdio","14":"tag-mato-grosso","15":"tag-paraguai","16":"tag-portugal","17":"tag-primeiros-casos","18":"tag-pt","19":"tag-real","20":"tag-reintroduo","21":"tag-risco","22":"tag-sade","23":"tag-sarampo-confirmados","24":"tag-saude","25":"tag-secretaria","26":"tag-vrus"},"share_on_mastodon":{"url":"","error":""},"_links":{"self":[{"href":"https:\/\/www.europesays.com\/pt\/wp-json\/wp\/v2\/posts\/31800","targetHints":{"allow":["GET"]}}],"collection":[{"href":"https:\/\/www.europesays.com\/pt\/wp-json\/wp\/v2\/posts"}],"about":[{"href":"https:\/\/www.europesays.com\/pt\/wp-json\/wp\/v2\/types\/post"}],"author":[{"embeddable":true,"href":"https:\/\/www.europesays.com\/pt\/wp-json\/wp\/v2\/users\/2"}],"replies":[{"embeddable":true,"href":"https:\/\/www.europesays.com\/pt\/wp-json\/wp\/v2\/comments?post=31800"}],"version-history":[{"count":0,"href":"https:\/\/www.europesays.com\/pt\/wp-json\/wp\/v2\/posts\/31800\/revisions"}],"wp:featuredmedia":[{"embeddable":true,"href":"https:\/\/www.europesays.com\/pt\/wp-json\/wp\/v2\/media\/31801"}],"wp:attachment":[{"href":"https:\/\/www.europesays.com\/pt\/wp-json\/wp\/v2\/media?parent=31800"}],"wp:term":[{"taxonomy":"category","embeddable":true,"href":"https:\/\/www.europesays.com\/pt\/wp-json\/wp\/v2\/categories?post=31800"},{"taxonomy":"post_tag","embeddable":true,"href":"https:\/\/www.europesays.com\/pt\/wp-json\/wp\/v2\/tags?post=31800"}],"curies":[{"name":"wp","href":"https:\/\/api.w.org\/{rel}","templated":true}]}}