{"id":31810,"date":"2025-08-16T12:30:08","date_gmt":"2025-08-16T12:30:08","guid":{"rendered":"https:\/\/www.europesays.com\/pt\/31810\/"},"modified":"2025-08-16T12:30:08","modified_gmt":"2025-08-16T12:30:08","slug":"morreu-joaquim-oliveira-fundador-da-sporttv-e-olivedesportos-media","status":"publish","type":"post","link":"https:\/\/www.europesays.com\/pt\/31810\/","title":{"rendered":"Morreu Joaquim Oliveira, fundador da SportTV e Olivedesportos | Media"},"content":{"rendered":"<p>Morreu Joaquim Oliveira, este s\u00e1bado, aos 78 anos. Numa nota divulgada no site da Federa\u00e7\u00e3o Portuguesa de Futebol, Pedro Proen\u00e7a, presidente da organiza\u00e7\u00e3o, recorda o empres\u00e1rio como &#8220;uma figura important\u00edssima na promo\u00e7\u00e3o e desenvolvimento do futebol portugu\u00eas&#8221;.<\/p>\n<p>Natural de Penafiel e irm\u00e3o do ex-seleccionador nacional Ant\u00f3nio Oliveira, Joaquim Oliveira destacou-se com neg\u00f3cios na \u00e1rea dos direitos televisivos do futebol, fundando a Olivedesportos e, mais tarde, a SportTV. Atrav\u00e9s da primeira empresa, foi accionista da SAD do FC Porto e manteve investimento nas SADs do Benfica e do Braga.<\/p>\n<p>&#8220;\u00c9 uma perda que abala todo o edif\u00edcio do futebol e do desporto nacionais. Ao longo de d\u00e9cadas, Joaquim Oliveira foi um parceiro inestim\u00e1vel e um amigo de todas as horas. \u00c9 de inteira justi\u00e7a que se lhe reconhe\u00e7a enorme responsabilidade no crescimento e no desenvolvimento dos nossos clubes, das nossas competi\u00e7\u00f5es e do nosso desporto&#8221;, l\u00ea-se numa nota no site do SC Braga.<\/p>\n<p>Na \u00e1rea da comunica\u00e7\u00e3o, e para l\u00e1 do universo desportivo, Joaquim Oliveira liderou tamb\u00e9m o grupo Controlinveste, que reunia as participa\u00e7\u00f5es no Di\u00e1rio de Not\u00edcias, no Jornal de Not\u00edcias, na r\u00e1dio TSF, entre outros t\u00edtulos.<\/p>\n","protected":false},"excerpt":{"rendered":"Morreu Joaquim Oliveira, este s\u00e1bado, aos 78 anos. Numa nota divulgada no site da Federa\u00e7\u00e3o Portuguesa de Futebol,&hellip;\n","protected":false},"author":2,"featured_media":31811,"comment_status":"","ping_status":"","sticky":false,"template":"","format":"standard","meta":{"footnotes":""},"categories":[87],"tags":[51,1912,10327,135,7823,476,282,5560,524,280,715,56,32,33,134],"class_list":{"0":"post-31810","1":"post","2":"type-post","3":"status-publish","4":"format-standard","5":"has-post-thumbnail","7":"category-desporto","8":"tag-benfica","9":"tag-braga","10":"tag-controlinveste","11":"tag-desporto","12":"tag-direitos-televisivos","13":"tag-economia","14":"tag-fc-porto","15":"tag-federacao-portuguesa-de-futebol","16":"tag-futebol","17":"tag-futebol-nacional","18":"tag-media","19":"tag-penafiel","20":"tag-portugal","21":"tag-pt","22":"tag-sports"},"share_on_mastodon":{"url":"","error":""},"_links":{"self":[{"href":"https:\/\/www.europesays.com\/pt\/wp-json\/wp\/v2\/posts\/31810","targetHints":{"allow":["GET"]}}],"collection":[{"href":"https:\/\/www.europesays.com\/pt\/wp-json\/wp\/v2\/posts"}],"about":[{"href":"https:\/\/www.europesays.com\/pt\/wp-json\/wp\/v2\/types\/post"}],"author":[{"embeddable":true,"href":"https:\/\/www.europesays.com\/pt\/wp-json\/wp\/v2\/users\/2"}],"replies":[{"embeddable":true,"href":"https:\/\/www.europesays.com\/pt\/wp-json\/wp\/v2\/comments?post=31810"}],"version-history":[{"count":0,"href":"https:\/\/www.europesays.com\/pt\/wp-json\/wp\/v2\/posts\/31810\/revisions"}],"wp:featuredmedia":[{"embeddable":true,"href":"https:\/\/www.europesays.com\/pt\/wp-json\/wp\/v2\/media\/31811"}],"wp:attachment":[{"href":"https:\/\/www.europesays.com\/pt\/wp-json\/wp\/v2\/media?parent=31810"}],"wp:term":[{"taxonomy":"category","embeddable":true,"href":"https:\/\/www.europesays.com\/pt\/wp-json\/wp\/v2\/categories?post=31810"},{"taxonomy":"post_tag","embeddable":true,"href":"https:\/\/www.europesays.com\/pt\/wp-json\/wp\/v2\/tags?post=31810"}],"curies":[{"name":"wp","href":"https:\/\/api.w.org\/{rel}","templated":true}]}}