{"id":318150,"date":"2026-03-25T11:34:12","date_gmt":"2026-03-25T11:34:12","guid":{"rendered":"https:\/\/www.europesays.com\/pt\/318150\/"},"modified":"2026-03-25T11:34:12","modified_gmt":"2026-03-25T11:34:12","slug":"canetas-emagrecedoras-exigem-cautela-e-acompanhamento-medico-alerta-nutrologa","status":"publish","type":"post","link":"https:\/\/www.europesays.com\/pt\/318150\/","title":{"rendered":"Canetas emagrecedoras exigem cautela e acompanhamento m\u00e9dico, alerta nutr\u00f3loga"},"content":{"rendered":"<p>Impulsionadas por promessas de resultados r\u00e1pidos e pela populariza\u00e7\u00e3o nas redes sociais, as chamadas \u201ccanetas emagrecedoras\u201d t\u00eam atra\u00eddo cada vez mais interessados. Mas, segundo a m\u00e9dica nutr\u00f3loga Eline Soriano, o uso desses medicamentos exige crit\u00e9rio, indica\u00e7\u00e3o precisa e acompanhamento profissional para evitar riscos \u00e0 sa\u00fade.<\/p>\n<p>Em conversa com a jornalista Thayanne Magalh\u00e3es no TH Entrevista, a especialista esclarece como funcionam os f\u00e1rmacos, em quais casos s\u00e3o recomendados e faz um alerta direto: n\u00e3o existe f\u00f3rmula milagrosa quando o objetivo \u00e9 emagrecer com seguran\u00e7a.<\/p>\n<p>\u201cAs chamadas canetas emagrecedoras s\u00e3o medicamentos injet\u00e1veis que atuam principalmente no controle do apetite. Elas mimetizam horm\u00f4nios intestinais respons\u00e1veis pela saciedade, fazendo com que o paciente sinta menos fome e, consequentemente, reduza a ingest\u00e3o alimentar\u201d, explica Eline Soriano.<\/p>\n<p>Apesar da efic\u00e1cia comprovada em alguns casos, a nutr\u00f3loga refor\u00e7a que o uso n\u00e3o \u00e9 indiscriminado. \u201cSim, esses medicamentos podem funcionar, mas n\u00e3o s\u00e3o para todos. Eles s\u00e3o indicados, sobretudo, para pacientes com obesidade ou sobrepeso associado a comorbidades, como diabetes tipo 2, hipertens\u00e3o ou dislipidemia\u201d, detalha.<\/p>\n<p>A especialista destaca ainda que existe um perfil espec\u00edfico para o tratamento. \u201cO paciente ideal \u00e9 aquele que j\u00e1 tentou outras estrat\u00e9gias, como reeduca\u00e7\u00e3o alimentar e pr\u00e1tica de atividade f\u00edsica, sem sucesso significativo, e que apresenta risco aumentado por conta do excesso de peso\u201d, afirma.<\/p>\n<p>O crescimento da procura, impulsionado por influenciadores digitais e conte\u00fados virais, acende um sinal de alerta. \u201cO uso sem orienta\u00e7\u00e3o m\u00e9dica pode trazer efeitos colaterais importantes, como n\u00e1useas, v\u00f4mitos, dist\u00farbios gastrointestinais e at\u00e9 complica\u00e7\u00f5es mais s\u00e9rias. Al\u00e9m disso, h\u00e1 o risco de uso inadequado por pessoas que n\u00e3o t\u00eam indica\u00e7\u00e3o cl\u00ednica\u201d, pontua.<\/p>\n<p>Outro ponto refor\u00e7ado pela nutr\u00f3loga \u00e9 que o tratamento n\u00e3o substitui h\u00e1bitos saud\u00e1veis. \u201cA caneta n\u00e3o faz milagre. Ela \u00e9 uma ferramenta auxiliar dentro de um plano terap\u00eautico que inclui alimenta\u00e7\u00e3o equilibrada, atividade f\u00edsica e \u092c\u0926\u0932\u093e\u0935 de comportamento. Sem isso, os resultados n\u00e3o se sustentam\u201d, ressalta.<\/p>\n<p>Para quem pensa em iniciar o uso, a orienta\u00e7\u00e3o \u00e9 clara: buscar informa\u00e7\u00e3o segura e acompanhamento especializado. \u201cO primeiro passo \u00e9 procurar um m\u00e9dico.<\/p>\n<p>S\u00f3 um profissional habilitado pode avaliar a real necessidade, indicar o medicamento correto e acompanhar poss\u00edveis efeitos adversos. Evitar a automedica\u00e7\u00e3o \u00e9 fundamental\u201d, conclui Eline Soriano.<\/p>\n<p>A entrevista completa est\u00e1 dispon\u00edvel no canal Portal Tribuna Hoje do YouTube.<\/p>\n","protected":false},"excerpt":{"rendered":"Impulsionadas por promessas de resultados r\u00e1pidos e pela populariza\u00e7\u00e3o nas redes sociais, as chamadas \u201ccanetas emagrecedoras\u201d t\u00eam atra\u00eddo&hellip;\n","protected":false},"author":2,"featured_media":318151,"comment_status":"","ping_status":"","sticky":false,"template":"","format":"standard","meta":{"footnotes":"","_share_on_mastodon":"0"},"categories":[86],"tags":[9012,15039,17272,17269,470,17271,17270,1062,524,116,1428,603,15040,12,13,15038,1086,32,33,1180,15042,117,15047,17273],"class_list":["post-318150","post","type-post","status-publish","format-standard","has-post-thumbnail","category-saude","tag-alagoas","tag-arapiraca","tag-asa","tag-campeonato-alagoano","tag-cinema","tag-crb","tag-csa","tag-esportes","tag-futebol","tag-health","tag-jornalismo","tag-justica","tag-maceio","tag-news","tag-noticias","tag-palmeira-dos-indios","tag-policia","tag-portugal","tag-pt","tag-redacao","tag-santana-do-ipanema","tag-saude","tag-sertao","tag-zona-da-mata"],"share_on_mastodon":{"url":"https:\/\/pubeurope.com\/@pt\/116289605799799000","error":""},"_links":{"self":[{"href":"https:\/\/www.europesays.com\/pt\/wp-json\/wp\/v2\/posts\/318150","targetHints":{"allow":["GET"]}}],"collection":[{"href":"https:\/\/www.europesays.com\/pt\/wp-json\/wp\/v2\/posts"}],"about":[{"href":"https:\/\/www.europesays.com\/pt\/wp-json\/wp\/v2\/types\/post"}],"author":[{"embeddable":true,"href":"https:\/\/www.europesays.com\/pt\/wp-json\/wp\/v2\/users\/2"}],"replies":[{"embeddable":true,"href":"https:\/\/www.europesays.com\/pt\/wp-json\/wp\/v2\/comments?post=318150"}],"version-history":[{"count":0,"href":"https:\/\/www.europesays.com\/pt\/wp-json\/wp\/v2\/posts\/318150\/revisions"}],"wp:featuredmedia":[{"embeddable":true,"href":"https:\/\/www.europesays.com\/pt\/wp-json\/wp\/v2\/media\/318151"}],"wp:attachment":[{"href":"https:\/\/www.europesays.com\/pt\/wp-json\/wp\/v2\/media?parent=318150"}],"wp:term":[{"taxonomy":"category","embeddable":true,"href":"https:\/\/www.europesays.com\/pt\/wp-json\/wp\/v2\/categories?post=318150"},{"taxonomy":"post_tag","embeddable":true,"href":"https:\/\/www.europesays.com\/pt\/wp-json\/wp\/v2\/tags?post=318150"}],"curies":[{"name":"wp","href":"https:\/\/api.w.org\/{rel}","templated":true}]}}