{"id":318193,"date":"2026-03-25T12:16:11","date_gmt":"2026-03-25T12:16:11","guid":{"rendered":"https:\/\/www.europesays.com\/pt\/318193\/"},"modified":"2026-03-25T12:16:11","modified_gmt":"2026-03-25T12:16:11","slug":"hospital-da-cidade-fortalece-vigilancia-epidemiologica-e-qualifica-assistencia-com-foco-em-gestantes-e-recem-nascidos","status":"publish","type":"post","link":"https:\/\/www.europesays.com\/pt\/318193\/","title":{"rendered":"Hospital da Cidade fortalece vigil\u00e2ncia epidemiol\u00f3gica e qualifica assist\u00eancia com foco em gestantes e rec\u00e9m-nascidos"},"content":{"rendered":"<p>O Hospital da Cidade (HC), em Macei\u00f3, avan\u00e7a na consolida\u00e7\u00e3o de uma assist\u00eancia cada vez mais segura e qualificada ao promover, nesta semana, um encontro estrat\u00e9gico com profissionais da Vigil\u00e2ncia Epidemiol\u00f3gica da Secretaria Municipal de Sa\u00fade. Realizada no audit\u00f3rio HC, a atividade integra o cronograma de visitas t\u00e9cnicas da pasta e re\u00fane m\u00e9dicos, enfermeiros e equipes multiprofissionais, com destaque para os setores de Maternidade e Centro Cir\u00fargico, considerados fundamentais para o fortalecimento das pr\u00e1ticas assistenciais.<\/p>\n<p>A iniciativa tem como foco principal o monitoramento e a orienta\u00e7\u00e3o dos profissionais de sa\u00fade sobre temas sens\u00edveis e de grande impacto na sa\u00fade p\u00fablica, como s\u00edfilis em gestantes e s\u00edfilis cong\u00eanita, acompanhamento de gestantes e crian\u00e7as expostas ao HIV, HTLV e hepatites virais.<\/p>\n<p>Durante o encontro, tamb\u00e9m foram abordados aspectos essenciais da rotina hospitalar, como a notifica\u00e7\u00e3o e investiga\u00e7\u00e3o de doen\u00e7as de notifica\u00e7\u00e3o compuls\u00f3ria, a entrega de fluxogramas e materiais educativos de apoio assistencial, al\u00e9m de diretrizes sobre diagn\u00f3stico, tratamento, encaminhamento e acompanhamento dos pacientes.<\/p>\n<p>A enfermeira do Centro de Controle de Infec\u00e7\u00f5es Hospitalares, Kelly Maralice, destacou a import\u00e2ncia da integra\u00e7\u00e3o entre as equipes e os \u00f3rg\u00e3os de vigil\u00e2ncia. \u201cEssa a\u00e7\u00e3o teve como objetivo fortalecer as notifica\u00e7\u00f5es e orientar profissionais sobre o cuidado com gestantes e crian\u00e7as expostas ao HIV, HTLV e hepatites virais. Trabalhamos n\u00e3o apenas o tratamento, mas todo o acompanhamento necess\u00e1rio, envolvendo enfermagem, m\u00e9dicos, laborat\u00f3rio e demais equipes assistenciais\u201d, detalhou.<\/p>\n<p>&#13;<br \/>\n<a href=\"https:\/\/cdnpm.dhost.cloud\/imagens\/DSC_0276.jpg\" data-fancybox=\"images\" data-base-font=\"14\" style=\"box-sizing: border-box; color: rgb(13, 47, 83); text-decoration: underline; background: transparent; outline: none !important; font-size: 14px;\" rel=\"nofollow noopener\" target=\"_blank\"><img decoding=\"async\" src=\"https:\/\/www.europesays.com\/pt\/wp-content\/uploads\/2026\/03\/DSC_0276.jpg\" alt=\"Profissionais do HC participam de encontro com a Vigil\u00e2ncia Epidemiol\u00f3gica para fortalecer assist\u00eancia a gestantes e beb\u00eas. Foto: David Silas\/ Ascom Macei\u00f3 Sa\u00fade\" data-base-font=\"14\" style=\"box-sizing: border-box; vertical-align: middle; border: 0px; max-width: 900px; display: block; width: 776.656px; margin: 0px auto; font-size: 14px;\" data-image=\"xbd9pbznl7qy\" title=\"Profissionais do HC participam de encontro com a Vigil\u00e2ncia Epidemiol\u00f3gica para fortalecer assist\u00eancia a gestantes e beb\u00eas. Foto: David Silas\/ Ascom Macei\u00f3 Sa\u00fade\"\/><\/a>&#13;<\/p>\n<p>Profissionais do HC participam de encontro com a Vigil\u00e2ncia Epidemiol\u00f3gica para fortalecer assist\u00eancia a gestantes e beb\u00eas. Foto: David Silas\/ Ascom Macei\u00f3 Sa\u00fade<br \/>Na mesma linha, a coordenadora da obstetr\u00edcia do HC, m\u00e9dica Silvia Melo, ressaltou o impacto direto da capacita\u00e7\u00e3o na rotina da maternidade. \u201cO evento evidenciou a necessidade de intensificar as notifica\u00e7\u00f5es relacionadas \u00e0s principais infec\u00e7\u00f5es que acometem nossas gestantes e rec\u00e9m-nascidos, como s\u00edfilis, HIV e hepatites B e C. Sa\u00edmos ainda mais comprometidos com a condu\u00e7\u00e3o adequada desses casos e com a seguran\u00e7a dos beb\u00eas no momento da alta\u201d, complementou.<\/p>\n<p>Para a diretora-presidente do Macei\u00f3 Sa\u00fade, Camila Porci\u00fancula, a realiza\u00e7\u00e3o de encontros como esse refor\u00e7a o prop\u00f3sito da institui\u00e7\u00e3o de qualificar continuamente os servi\u00e7os oferecidos \u00e0 popula\u00e7\u00e3o. \u201cInvestir na forma\u00e7\u00e3o e no alinhamento das equipes \u00e9 essencial para garantir uma assist\u00eancia mais segura, eficiente e humanizada. Nosso objetivo \u00e9 consolidar o Hospital da Cidade como uma refer\u00eancia regional, com processos bem estruturados, uso inteligente de recursos e uma cultura voltada \u00e0 seguran\u00e7a do paciente\u201d, destacou.<\/p>\n<p>A diretora-geral do Hospital da Cidade, dra. C\u00e9lia Fernandes, tamb\u00e9m enfatizou o papel estrat\u00e9gico da vigil\u00e2ncia epidemiol\u00f3gica no ambiente hospitalar. \u201cEssas visitas t\u00e9cnicas s\u00e3o fundamentais para aprimorar nossos fluxos, fortalecer a comunica\u00e7\u00e3o entre as equipes e assegurar que as melhores pr\u00e1ticas estejam sendo aplicadas no cuidado di\u00e1rio. Isso se traduz diretamente em melhores desfechos para nossos pacientes, especialmente para m\u00e3es e rec\u00e9m-nascidos\u201d, pontuou.<\/p>\n<p>Administrado pelo Macei\u00f3 Sa\u00fade, organiza\u00e7\u00e3o social sem fins lucrativos, o Hospital da Cidade segue investindo na moderniza\u00e7\u00e3o de processos e na qualifica\u00e7\u00e3o das equipes. A institui\u00e7\u00e3o atua com foco em boas pr\u00e1ticas de governan\u00e7a e na excel\u00eancia da assist\u00eancia, integrando inova\u00e7\u00e3o, cuidado e gest\u00e3o eficiente para atender, com qualidade, a popula\u00e7\u00e3o de Macei\u00f3.<\/p>\n","protected":false},"excerpt":{"rendered":"O Hospital da Cidade (HC), em Macei\u00f3, avan\u00e7a na consolida\u00e7\u00e3o de uma assist\u00eancia cada vez mais segura e&hellip;\n","protected":false},"author":2,"featured_media":318194,"comment_status":"","ping_status":"","sticky":false,"template":"","format":"standard","meta":{"footnotes":"","_share_on_mastodon":"0"},"categories":[86],"tags":[9012,15039,17272,17269,470,17271,17270,1062,524,116,1428,603,15040,12,13,15038,1086,32,33,1180,15042,117,15047,17273],"class_list":["post-318193","post","type-post","status-publish","format-standard","has-post-thumbnail","category-saude","tag-alagoas","tag-arapiraca","tag-asa","tag-campeonato-alagoano","tag-cinema","tag-crb","tag-csa","tag-esportes","tag-futebol","tag-health","tag-jornalismo","tag-justica","tag-maceio","tag-news","tag-noticias","tag-palmeira-dos-indios","tag-policia","tag-portugal","tag-pt","tag-redacao","tag-santana-do-ipanema","tag-saude","tag-sertao","tag-zona-da-mata"],"share_on_mastodon":{"url":"https:\/\/pubeurope.com\/@pt\/116289771245500186","error":""},"_links":{"self":[{"href":"https:\/\/www.europesays.com\/pt\/wp-json\/wp\/v2\/posts\/318193","targetHints":{"allow":["GET"]}}],"collection":[{"href":"https:\/\/www.europesays.com\/pt\/wp-json\/wp\/v2\/posts"}],"about":[{"href":"https:\/\/www.europesays.com\/pt\/wp-json\/wp\/v2\/types\/post"}],"author":[{"embeddable":true,"href":"https:\/\/www.europesays.com\/pt\/wp-json\/wp\/v2\/users\/2"}],"replies":[{"embeddable":true,"href":"https:\/\/www.europesays.com\/pt\/wp-json\/wp\/v2\/comments?post=318193"}],"version-history":[{"count":0,"href":"https:\/\/www.europesays.com\/pt\/wp-json\/wp\/v2\/posts\/318193\/revisions"}],"wp:featuredmedia":[{"embeddable":true,"href":"https:\/\/www.europesays.com\/pt\/wp-json\/wp\/v2\/media\/318194"}],"wp:attachment":[{"href":"https:\/\/www.europesays.com\/pt\/wp-json\/wp\/v2\/media?parent=318193"}],"wp:term":[{"taxonomy":"category","embeddable":true,"href":"https:\/\/www.europesays.com\/pt\/wp-json\/wp\/v2\/categories?post=318193"},{"taxonomy":"post_tag","embeddable":true,"href":"https:\/\/www.europesays.com\/pt\/wp-json\/wp\/v2\/tags?post=318193"}],"curies":[{"name":"wp","href":"https:\/\/api.w.org\/{rel}","templated":true}]}}