{"id":31824,"date":"2025-08-16T12:44:10","date_gmt":"2025-08-16T12:44:10","guid":{"rendered":"https:\/\/www.europesays.com\/pt\/31824\/"},"modified":"2025-08-16T12:44:10","modified_gmt":"2025-08-16T12:44:10","slug":"francisco-trincao-e-o-sporting-da-grande-ajuda-ao-barcelona","status":"publish","type":"post","link":"https:\/\/www.europesays.com\/pt\/31824\/","title":{"rendered":"Francisco Trinc\u00e3o (e o Sporting) d\u00e1 grande ajuda ao Barcelona"},"content":{"rendered":"<p><strong>Francisco Trinc\u00e3o deixou de ter qualquer liga\u00e7\u00e3o ao Barcelona, o que ajudou a equipa espanhola a inscrever jogadores.<\/strong><\/p>\n<p>O Barcelona conseguiu registar Joan Garc\u00eda e Marcus Rashford na La Liga e os dois jogadores ser\u00e3o op\u00e7\u00e3o para a primeira jornada da competi\u00e7\u00e3o, frente ao Mallorca.<\/p>\n<p>O conjunto catal\u00e3o somente conseguiu colocar os elementos \u00e0 disposi\u00e7\u00e3o de Hansi Flick<a href=\"https:\/\/bolanarede.pt\/especial-bola-na-rede\/atualidade\/sporting-garante-a-totalidade-do-passe-de-francisco-trincao-por-11-milhoes-de-euros\/\" target=\"_blank\" rel=\"noreferrer noopener nofollow\"> devido \u00e0 venda dos restantes 50% do passe de Francisco Trinc\u00e3o ao Sporting<\/a>, al\u00e9m da renova\u00e7\u00e3o de contrato de Jules Kound\u00e9, o que fez com que as finan\u00e7as do Barcelona melhorassem.<\/p>\n<p>Ainda assim, existem jogadores que ainda n\u00e3o est\u00e3o inscritos e que v\u00e3o falhar seguramente a primeira jornada: Roony Bardghji, Gerard Mart\u00edn e Wojciech Szczesny.<\/p>\n","protected":false},"excerpt":{"rendered":"Francisco Trinc\u00e3o deixou de ter qualquer liga\u00e7\u00e3o ao Barcelona, o que ajudou a equipa espanhola a inscrever jogadores.&hellip;\n","protected":false},"author":2,"featured_media":31825,"comment_status":"","ping_status":"","sticky":false,"template":"","format":"standard","meta":{"footnotes":""},"categories":[87],"tags":[260,1235,135,478,8318,5705,32,33,34,134],"class_list":{"0":"post-31824","1":"post","2":"type-post","3":"status-publish","4":"format-standard","5":"has-post-thumbnail","7":"category-desporto","8":"tag-atualidade","9":"tag-barcelona","10":"tag-desporto","11":"tag-destaques-bnr","12":"tag-francisco-trincao","13":"tag-la-liga","14":"tag-portugal","15":"tag-pt","16":"tag-sporting","17":"tag-sports"},"share_on_mastodon":{"url":"","error":""},"_links":{"self":[{"href":"https:\/\/www.europesays.com\/pt\/wp-json\/wp\/v2\/posts\/31824","targetHints":{"allow":["GET"]}}],"collection":[{"href":"https:\/\/www.europesays.com\/pt\/wp-json\/wp\/v2\/posts"}],"about":[{"href":"https:\/\/www.europesays.com\/pt\/wp-json\/wp\/v2\/types\/post"}],"author":[{"embeddable":true,"href":"https:\/\/www.europesays.com\/pt\/wp-json\/wp\/v2\/users\/2"}],"replies":[{"embeddable":true,"href":"https:\/\/www.europesays.com\/pt\/wp-json\/wp\/v2\/comments?post=31824"}],"version-history":[{"count":0,"href":"https:\/\/www.europesays.com\/pt\/wp-json\/wp\/v2\/posts\/31824\/revisions"}],"wp:featuredmedia":[{"embeddable":true,"href":"https:\/\/www.europesays.com\/pt\/wp-json\/wp\/v2\/media\/31825"}],"wp:attachment":[{"href":"https:\/\/www.europesays.com\/pt\/wp-json\/wp\/v2\/media?parent=31824"}],"wp:term":[{"taxonomy":"category","embeddable":true,"href":"https:\/\/www.europesays.com\/pt\/wp-json\/wp\/v2\/categories?post=31824"},{"taxonomy":"post_tag","embeddable":true,"href":"https:\/\/www.europesays.com\/pt\/wp-json\/wp\/v2\/tags?post=31824"}],"curies":[{"name":"wp","href":"https:\/\/api.w.org\/{rel}","templated":true}]}}