{"id":318382,"date":"2026-03-25T15:03:12","date_gmt":"2026-03-25T15:03:12","guid":{"rendered":"https:\/\/www.europesays.com\/pt\/318382\/"},"modified":"2026-03-25T15:03:12","modified_gmt":"2026-03-25T15:03:12","slug":"mistura-de-equipa-de-marcelo-e-reforcos-do-ps","status":"publish","type":"post","link":"https:\/\/www.europesays.com\/pt\/318382\/","title":{"rendered":"Mistura de Equipa de Marcelo e Refor\u00e7os do PS"},"content":{"rendered":"<p>As primeiras nomea\u00e7\u00f5es do Presidente da Rep\u00fablica Ant\u00f3nio Jos\u00e9 Seguro, publicadas nesta quarta-feira, 25 de mar\u00e7o, em Di\u00e1rio da Rep\u00fablica, <strong>incluem uma mistura de recondu\u00e7\u00f5es da Casa Civil de Marcelo Rebelo de Sousa com figuras envolvidas na sua candidatura e ligadas ao PS.<\/strong><\/p>\n<p><strong>Um caso emblem\u00e1tico \u00e9 o da assessora da Casa Civil Rita Saias, antiga presidente do Conselho Nacional de Juventude, que j\u00e1 era consultora do anterior Presidente da Rep\u00fablica, mas tamb\u00e9m foi mandat\u00e1ria jovem de Ant\u00f3nio Jos\u00e9 Seguro.<\/strong> Tamb\u00e9m nomeado para assessor foi Lu\u00eds Sobral, seu assessor de imprensa durante a campanha para as elei\u00e7\u00f5es presidenciais.<\/p>\n<p><strong>Na equipa da comunica\u00e7\u00e3o da Presid\u00eancia da Rep\u00fablica mant\u00eam-se tamb\u00e9m Marco Almeida e Ricardo Branco, que vai trabalhar com o terceiro Chefe de Estado da sua carreira<\/strong>, pois j\u00e1 tinha transitado da Casa Civil de Cavaco Silva.<\/p>\n<p><strong>Entre os rec\u00e9m-chegados ao Pal\u00e1cio de Bel\u00e9m destaca-se Florinda Cruz, que liderou o gabinete de apoio a Bas\u00edlio Horta quando o autarca eleito pelo PS era presidente da C\u00e2mara de Sintra<\/strong>, tendo chegado a ser presidente da empresa Parques de Sintra &#8211; Monte da Lua. E foram requisitadas \u00e0 Assembleia da Rep\u00fablica as assessoras parlamentares Maria Lu\u00edsa Maduro Cola\u00e7o e Cristina Maria Tavares Gomes.<\/p>\n<p><strong>Como secret\u00e1ria-geral da Presid\u00eancia da Rep\u00fablica continua Ana Cristina Martins Baptista, que come\u00e7ara por ser secret\u00e1ria-geral-adjunta com Marcelo Rebelo de Sousa<\/strong>, enquanto a adjunta ser\u00e1 Maria Joana de Andrade Ramos, que tamb\u00e9m j\u00e1 exercia fun\u00e7\u00f5es no Pal\u00e1cio de Bel\u00e9m.<\/p>\n<p>Outra transi\u00e7\u00e3o entre as equipas de Marcelo Rebelo de Sousa e de Ant\u00f3nio Jos\u00e9 Seguro \u00e9 a de Paula Maria Fragata Martins de Almeida, t\u00e9cnica superior do Minist\u00e9rio dos Neg\u00f3cios Estrangeiros, que se mant\u00e9m consultora da Casa Civil.<\/p>\n<p><strong>Com muitas nomea\u00e7\u00f5es ainda por formalizar foram tamb\u00e9m reveladas<\/strong>, no conjunto de despachos publicados nesta quarta-feira em Di\u00e1rio da Rep\u00fablica, mas com data de 9 de mar\u00e7o. <strong>as escolhas de Susana Martins da Silva e Madalena Pais Madureira enquanto secret\u00e1rias do gabinete do Presidente da Rep\u00fablica<\/strong>, tal como a nomea\u00e7\u00e3o de outras seis secret\u00e1rias para a Casa Civil. Ambas t\u00eam experi\u00eancia na Assembleia da Rep\u00fablica, nomeadamente no grupo parlamentar socialista.<\/p>\n","protected":false},"excerpt":{"rendered":"As primeiras nomea\u00e7\u00f5es do Presidente da Rep\u00fablica Ant\u00f3nio Jos\u00e9 Seguro, publicadas nesta quarta-feira, 25 de mar\u00e7o, em Di\u00e1rio&hellip;\n","protected":false},"author":2,"featured_media":312744,"comment_status":"","ping_status":"","sticky":false,"template":"","format":"standard","meta":{"footnotes":"","_share_on_mastodon":"0"},"categories":[10],"tags":[3399,27,28,15840,15,16,14,25,26,21,22,588,12,13,19,20,8349,32,14937,23,24,33,17,18,29,30,31],"class_list":["post-318382","post","type-post","status-publish","format-standard","has-post-thumbnail","category-portugal","tag-antonio-jose-seguro","tag-breaking-news","tag-breakingnews","tag-casa-civil","tag-featured-news","tag-featurednews","tag-headlines","tag-latest-news","tag-latestnews","tag-main-news","tag-mainnews","tag-marcelo-rebelo-de-sousa","tag-news","tag-noticias","tag-noticias-principais","tag-noticiasprincipais","tag-palacio-de-belem","tag-portugal","tag-presidencia-da-republica","tag-principais-noticias","tag-principaisnoticias","tag-pt","tag-top-stories","tag-topstories","tag-ultimas","tag-ultimas-noticias","tag-ultimasnoticias"],"share_on_mastodon":{"url":"https:\/\/pubeurope.com\/@pt\/116290427590867552","error":""},"_links":{"self":[{"href":"https:\/\/www.europesays.com\/pt\/wp-json\/wp\/v2\/posts\/318382","targetHints":{"allow":["GET"]}}],"collection":[{"href":"https:\/\/www.europesays.com\/pt\/wp-json\/wp\/v2\/posts"}],"about":[{"href":"https:\/\/www.europesays.com\/pt\/wp-json\/wp\/v2\/types\/post"}],"author":[{"embeddable":true,"href":"https:\/\/www.europesays.com\/pt\/wp-json\/wp\/v2\/users\/2"}],"replies":[{"embeddable":true,"href":"https:\/\/www.europesays.com\/pt\/wp-json\/wp\/v2\/comments?post=318382"}],"version-history":[{"count":0,"href":"https:\/\/www.europesays.com\/pt\/wp-json\/wp\/v2\/posts\/318382\/revisions"}],"wp:featuredmedia":[{"embeddable":true,"href":"https:\/\/www.europesays.com\/pt\/wp-json\/wp\/v2\/media\/312744"}],"wp:attachment":[{"href":"https:\/\/www.europesays.com\/pt\/wp-json\/wp\/v2\/media?parent=318382"}],"wp:term":[{"taxonomy":"category","embeddable":true,"href":"https:\/\/www.europesays.com\/pt\/wp-json\/wp\/v2\/categories?post=318382"},{"taxonomy":"post_tag","embeddable":true,"href":"https:\/\/www.europesays.com\/pt\/wp-json\/wp\/v2\/tags?post=318382"}],"curies":[{"name":"wp","href":"https:\/\/api.w.org\/{rel}","templated":true}]}}