{"id":318383,"date":"2026-03-25T15:05:24","date_gmt":"2026-03-25T15:05:24","guid":{"rendered":"https:\/\/www.europesays.com\/pt\/318383\/"},"modified":"2026-03-25T15:05:24","modified_gmt":"2026-03-25T15:05:24","slug":"aos-15-anos-neta-da-cantora-maysa-impressiona-por-semelhanca-com-a-avo-parece-muito","status":"publish","type":"post","link":"https:\/\/www.europesays.com\/pt\/318383\/","title":{"rendered":"Aos 15 anos, neta da cantora Maysa impressiona por semelhan\u00e7a com a av\u00f3: &#8216;Parece muito&#8217;"},"content":{"rendered":"<p>A jovem <a href=\"https:\/\/caras.com.br\/tags\/maysa-matarazzo\" rel=\"nofollow noopener\" target=\"_blank\"><strong>Maysa Matarazzo<\/strong><\/a>, neta da cantora <a href=\"https:\/\/caras.com.br\/tags\/maysa\" rel=\"nofollow noopener\" target=\"_blank\"><strong>Maysa<\/strong><\/a> (1936-1977), encantou os seguidores ao compartilhar novos registros em suas redes sociais. Aos 15 anos, a filha de <a href=\"https:\/\/caras.com.br\/tags\/tania-mara\" rel=\"nofollow noopener\" target=\"_blank\"><strong>T\u00e2nia Mara<\/strong><\/a> e <strong><a href=\"https:\/\/caras.com.br\/tags\/jayme-monjardim\" rel=\"nofollow noopener\" target=\"_blank\">Jayme Monjardim<\/a> <\/strong>colecionou elogios e surpreendeu pela grande semelhan\u00e7a com a av\u00f3.<\/p>\n<p>\u201cPerfeita, igualmente a m\u00e3e dela e a av\u00f3, Maysa\u201c, escreveu uma internauta nos coment\u00e1rios. \u201cEla \u00e9 muito parecida com a Maysa\u201c, disse outra. \u201cLinda, lembra demais sua vov\u00f3\u201c, falou uma terceira. \u201cQue linda! Parece muito com a vozinha xar\u00e1\u201c, declarou mais uma.<\/p>\n<p>Em setembro de 2025, Maysa Matarazzo celebrou o <a href=\"https:\/\/caras.com.br\/festas\/filha-de-tania-mara-e-jayme-monjardim-comemora-aniversario-com-festa-luxuosa.phtml\" rel=\"nofollow noopener\" target=\"_blank\">anivers\u00e1rio de 15 anos com um fest\u00e3o luxuoso<\/a> na Fazenda Santa Margarida, em Campinas, interior de S\u00e3o Paulo. No evento, a jovem usou tr\u00eas vestidos assinados pela estilista Edy Clamore. Os looks, desenhados exclusivamente conforme sonhado pela aniversariante, foram bordado de cristais Swarovski.<\/p>\n<p>\u201cMinha ca\u00e7ula completa 15 anos, a emo\u00e7\u00e3o de ver ela ao lado dos irm\u00e3os, cercada de amor de todos nossos amigos presentes, e ver ela cada vez mais brilhando como pessoa com seu cora\u00e7\u00e3o bondoso \u00e9 \u00fanica\u201c, declarou Jayme Monjardim, \u00fanico filho da cantora Maysa, ao celebrar mais um ano de vida da herdeira.<\/p>\n<p>Vale lembrar que al\u00e9m da jovem, o diretor de novelas tamb\u00e9m \u00e9 pai de <strong>Andr\u00e9 Matarazzo<\/strong>, <a href=\"https:\/\/caras.com.br\/tags\/jayme-matarazzo\" rel=\"nofollow noopener\" target=\"_blank\"><strong>Jayme Matarazzo<\/strong><\/a> e <strong>Maria Fernanda<\/strong>.<\/p>\n<p> Veja as fotos de Maysa Matarazzo, neta da cantora Maysa: <img loading=\"lazy\" decoding=\"async\" class=\"size-full wp-image-1092340 img-fluid lazy\" alt=\"Maysa Matarazzo \u00e9 neta da cantora Maysa - Foto: Reprodu\u00e7\u00e3o \/ Instagram @maysa.matarazzo\" width=\"1080\" height=\"810\" src=\"https:\/\/www.europesays.com\/pt\/wp-content\/uploads\/2026\/03\/neta-cantora-maysa.jpg\"  \/>Maysa Matarazzo \u00e9 neta da cantora Maysa \u2013 Foto: Reprodu\u00e7\u00e3o \/ Instagram @maysa.matarazzo <img loading=\"lazy\" decoding=\"async\" class=\"size-full wp-image-1092339 img-fluid lazy\" alt=\"Maysa Matarazzo \u00e9 neta da cantora Maysa - Foto: Reprodu\u00e7\u00e3o \/ Instagram @maysa.matarazzo\" width=\"1080\" height=\"810\" src=\"https:\/\/www.europesays.com\/pt\/wp-content\/uploads\/2026\/03\/neta-cantora-maysa-2.jpg\"  \/>Maysa Matarazzo \u00e9 neta da cantora Maysa \u2013 Foto: Reprodu\u00e7\u00e3o \/ Instagram @maysa.matarazzo <img loading=\"lazy\" decoding=\"async\" class=\"size-full wp-image-1006927 img-fluid lazy\" alt=\"Jayme Monjardim, Maysa e T\u00e2nia Mara\" width=\"1920\" height=\"1080\" src=\"https:\/\/www.europesays.com\/pt\/wp-content\/uploads\/2026\/03\/festa-de-aniversario-filha-de-jaime-monjardim.jpg\"  \/>Maysa Matarazzo \u00e9 filha de Jayme Monjardim e T\u00e2nia Mara \u2013 Foto: Sabrina Vasconcelos <\/p>\n<blockquote class=\"instagram-media\" style=\"background: #FFF; border: 0; border-radius: 3px; box-shadow: 0 0 1px 0 rgba(0,0,0,0.5),0 1px 10px 0 rgba(0,0,0,0.15); margin: 1px; max-width: 540px; min-width: 326px; padding: 0; width: calc(100% - 2px);\" data-instgrm-captioned=\"\" data-instgrm-permalink=\"https:\/\/www.instagram.com\/p\/DVhGJbYAVTG\/?utm_source=ig_embed&amp;utm_campaign=loading\" data-instgrm-version=\"14\"><\/blockquote>\n<p>  Jayme Monjardim revela transforma\u00e7\u00e3o com a paternidade <\/p>\n<p>Em entrevista \u00e0 <strong>CARAS Brasil<\/strong>, Jayme Monjardim abriu o cora\u00e7\u00e3o ao falar sobre a paternidade e a fam\u00edlia. O diretor de novelas ressaltou que ser pai n\u00e3o \u00e9 uma tarefa f\u00e1cil, mas que, com muito amor, sua vida foi transformada.<\/p>\n<p>\u201cQuando a gente se torna pai, nos tornamos seres com muita responsabilidade. Pai nos ensina a sermos melhores, mais dedicados. Eu acho que os filhos trazem isso em nossas vidas, s\u00e3o luzes que a gente vai trazendo. Desde que eu fui pai, a minha rela\u00e7\u00e3o com a vida mudou totalmente!\u201c, declarou o filho da cantora Maysa; <a href=\"https:\/\/caras.com.br\/datas-especiais\/jayme-monjardim-revela-mudancas-com-paternidade-minha-relacao-com-vida-mudou-totalmente.phtml\" rel=\"nofollow noopener\" target=\"_blank\">confira o bate-papo completo!<\/a><\/p>\n<p><strong>Leia tamb\u00e9m<\/strong>: <a href=\"https:\/\/caras.com.br\/atualidades\/aos-18-anos-filho-de-jackeline-petkovic-impressiona-com-beleza-que-lindo.phtml\" rel=\"nofollow noopener\" target=\"_blank\">Aos 18 anos, filho de Jackeline Petkovic impressiona com beleza: \u2018Que lindo\u2019<\/a><\/p>\n<blockquote class=\"instagram-media\" style=\"background: #FFF; border: 0; border-radius: 3px; box-shadow: 0 0 1px 0 rgba(0,0,0,0.5),0 1px 10px 0 rgba(0,0,0,0.15); margin: 1px; max-width: 540px; min-width: 326px; padding: 0; width: calc(100% - 2px);\" data-instgrm-captioned=\"\" data-instgrm-permalink=\"https:\/\/www.instagram.com\/p\/DWE1YmSDc6D\/?utm_source=ig_embed&amp;utm_campaign=loading\" data-instgrm-version=\"14\"><\/blockquote>\n<p>        <a href=\"https:\/\/caras.com.br\/autor\/rafaela-oliveira\" rel=\"nofollow noopener\" target=\"_blank\">&#13;<br \/>\n          <img alt=\"Rafaela Oliveira\" src=\"https:\/\/www.europesays.com\/pt\/wp-content\/uploads\/2026\/03\/1774451124_357_49f5322875970d1e29e5ff2c3d4db4418044337871973cc6a09a25acab0e8ff7.png\"  class=\"avatar avatar-115 photo rounded-circle mr-3\" height=\"115\" width=\"115\" loading=\"lazy\" decoding=\"async\"\/>        <\/a><\/p>\n<p>        <strong>Rafaela Oliveira<\/strong> \u00e9 rep\u00f3rter de conte\u00fado do site CARAS. Formada em jornalismo, j\u00e1 passou por sites como MaisNovela, Portal M\u00e1rcia Piovesan, Purepeople Brasil e Jornal O Dia. Escreve sobre celebridades, TV e reality show. (email: <a href=\"https:\/\/caras.com.br\/cdn-cgi\/l\/email-protection\" class=\"__cf_email__\" data-cfemail=\"d8aabab7b4b1aebdb1aab987bbb7b4b9ba98bbb9aab9abf6bbb7b5f6baaa\" rel=\"nofollow noopener\" target=\"_blank\">[email\u00a0protected]<\/a>)<\/p>\n<p>\t                                            <script async src=\"\/\/www.instagram.com\/embed.js\"><\/script><\/p>\n","protected":false},"excerpt":{"rendered":"A jovem Maysa Matarazzo, neta da cantora Maysa (1936-1977), encantou os seguidores ao compartilhar novos registros em suas&hellip;\n","protected":false},"author":2,"featured_media":318384,"comment_status":"","ping_status":"","sticky":false,"template":"","format":"standard","meta":{"footnotes":"","_share_on_mastodon":"0"},"categories":[145],"tags":[211,210,114,115,50702,44606,56155,32,33,56156],"class_list":["post-318383","post","type-post","status-publish","format-standard","has-post-thumbnail","category-celebridades","tag-celebridades","tag-celebrities","tag-entertainment","tag-entretenimento","tag-jayme-monjardim","tag-maysa","tag-maysa-matarazzo","tag-portugal","tag-pt","tag-tania-mara"],"share_on_mastodon":{"url":"https:\/\/pubeurope.com\/@pt\/116290435963924960","error":""},"_links":{"self":[{"href":"https:\/\/www.europesays.com\/pt\/wp-json\/wp\/v2\/posts\/318383","targetHints":{"allow":["GET"]}}],"collection":[{"href":"https:\/\/www.europesays.com\/pt\/wp-json\/wp\/v2\/posts"}],"about":[{"href":"https:\/\/www.europesays.com\/pt\/wp-json\/wp\/v2\/types\/post"}],"author":[{"embeddable":true,"href":"https:\/\/www.europesays.com\/pt\/wp-json\/wp\/v2\/users\/2"}],"replies":[{"embeddable":true,"href":"https:\/\/www.europesays.com\/pt\/wp-json\/wp\/v2\/comments?post=318383"}],"version-history":[{"count":0,"href":"https:\/\/www.europesays.com\/pt\/wp-json\/wp\/v2\/posts\/318383\/revisions"}],"wp:featuredmedia":[{"embeddable":true,"href":"https:\/\/www.europesays.com\/pt\/wp-json\/wp\/v2\/media\/318384"}],"wp:attachment":[{"href":"https:\/\/www.europesays.com\/pt\/wp-json\/wp\/v2\/media?parent=318383"}],"wp:term":[{"taxonomy":"category","embeddable":true,"href":"https:\/\/www.europesays.com\/pt\/wp-json\/wp\/v2\/categories?post=318383"},{"taxonomy":"post_tag","embeddable":true,"href":"https:\/\/www.europesays.com\/pt\/wp-json\/wp\/v2\/tags?post=318383"}],"curies":[{"name":"wp","href":"https:\/\/api.w.org\/{rel}","templated":true}]}}