{"id":31843,"date":"2025-08-16T13:08:07","date_gmt":"2025-08-16T13:08:07","guid":{"rendered":"https:\/\/www.europesays.com\/pt\/31843\/"},"modified":"2025-08-16T13:08:07","modified_gmt":"2025-08-16T13:08:07","slug":"incendios-obrigam-ao-corte-de-seis-estradas-em-coimbra-e-guarda","status":"publish","type":"post","link":"https:\/\/www.europesays.com\/pt\/31843\/","title":{"rendered":"Inc\u00eandios obrigam ao corte de seis estradas em Coimbra e Guarda"},"content":{"rendered":"<p>Em comunicado, atualizado \u00e0s 11 horas de hoje, a Guarda Nacional Republicana (GNR) adianta que est\u00e3o interditas \u00e0 circula\u00e7\u00e3o seis estradas nacionais (EN).<\/p>\n<p data-remotead-prev-elm=\"true\" data-remotead-elm-id=\"inread\">Assim, no distrito de Coimbra, est\u00e1 a EN 230, entre Quinta da Tapada e Parede; EN236, entre a vila da Lous\u00e3 e a localidade de P\u00eara; e a EN342, entre as localidades de Reta do Sol e Mata do Sobral.<\/p>\n<p>No distrito da Guarda est\u00e3o interditas, tamb\u00e9m nos dois sentidos, a EN102, entre as localidades de Marialva e Longroiva; EN221, entre as localidades de Gouveias e Pinhel; e EN226, nas proximidades das localidades de Ponte Abade, Rio de Mel e Peroferreiro.<\/p>\n<p data-remotead-prev-elm=\"true\" data-remotead-elm-id=\"centro1\">Na nota de imprensa, a GNR lembra que o todo o territ\u00f3rio continental est\u00e1 sob situa\u00e7\u00e3o de alerta e est\u00e3o proibidas as queimas e queimadas, assim como trabalhos rurais com recurso a m\u00e1quinas.<\/p>\n","protected":false},"excerpt":{"rendered":"Em comunicado, atualizado \u00e0s 11 horas de hoje, a Guarda Nacional Republicana (GNR) adianta que est\u00e3o interditas \u00e0&hellip;\n","protected":false},"author":2,"featured_media":31844,"comment_status":"","ping_status":"","sticky":false,"template":"","format":"standard","meta":{"footnotes":""},"categories":[10],"tags":[27,28,15,16,14,25,26,21,22,12,13,19,20,32,23,24,33,17,18,29,30,31],"class_list":{"0":"post-31843","1":"post","2":"type-post","3":"status-publish","4":"format-standard","5":"has-post-thumbnail","7":"category-portugal","8":"tag-breaking-news","9":"tag-breakingnews","10":"tag-featured-news","11":"tag-featurednews","12":"tag-headlines","13":"tag-latest-news","14":"tag-latestnews","15":"tag-main-news","16":"tag-mainnews","17":"tag-news","18":"tag-noticias","19":"tag-noticias-principais","20":"tag-noticiasprincipais","21":"tag-portugal","22":"tag-principais-noticias","23":"tag-principaisnoticias","24":"tag-pt","25":"tag-top-stories","26":"tag-topstories","27":"tag-ultimas","28":"tag-ultimas-noticias","29":"tag-ultimasnoticias"},"share_on_mastodon":{"url":"","error":""},"_links":{"self":[{"href":"https:\/\/www.europesays.com\/pt\/wp-json\/wp\/v2\/posts\/31843","targetHints":{"allow":["GET"]}}],"collection":[{"href":"https:\/\/www.europesays.com\/pt\/wp-json\/wp\/v2\/posts"}],"about":[{"href":"https:\/\/www.europesays.com\/pt\/wp-json\/wp\/v2\/types\/post"}],"author":[{"embeddable":true,"href":"https:\/\/www.europesays.com\/pt\/wp-json\/wp\/v2\/users\/2"}],"replies":[{"embeddable":true,"href":"https:\/\/www.europesays.com\/pt\/wp-json\/wp\/v2\/comments?post=31843"}],"version-history":[{"count":0,"href":"https:\/\/www.europesays.com\/pt\/wp-json\/wp\/v2\/posts\/31843\/revisions"}],"wp:featuredmedia":[{"embeddable":true,"href":"https:\/\/www.europesays.com\/pt\/wp-json\/wp\/v2\/media\/31844"}],"wp:attachment":[{"href":"https:\/\/www.europesays.com\/pt\/wp-json\/wp\/v2\/media?parent=31843"}],"wp:term":[{"taxonomy":"category","embeddable":true,"href":"https:\/\/www.europesays.com\/pt\/wp-json\/wp\/v2\/categories?post=31843"},{"taxonomy":"post_tag","embeddable":true,"href":"https:\/\/www.europesays.com\/pt\/wp-json\/wp\/v2\/tags?post=31843"}],"curies":[{"name":"wp","href":"https:\/\/api.w.org\/{rel}","templated":true}]}}