{"id":31849,"date":"2025-08-16T13:14:07","date_gmt":"2025-08-16T13:14:07","guid":{"rendered":"https:\/\/www.europesays.com\/pt\/31849\/"},"modified":"2025-08-16T13:14:07","modified_gmt":"2025-08-16T13:14:07","slug":"demi-lovato-deve-lancar-novo-album-apenas-em-2026-diz-revista","status":"publish","type":"post","link":"https:\/\/www.europesays.com\/pt\/31849\/","title":{"rendered":"Demi Lovato deve lan\u00e7ar novo \u00e1lbum apenas em 2026, diz revista"},"content":{"rendered":"<p>Em 2026, com certeza? De acordo com uma recente mat\u00e9ria da revista Harper\u2019s Baazar, <a href=\"https:\/\/www.papelpop.com\/tudo-sobre\/demi-lovato\/\" rel=\"nofollow noopener\" target=\"_blank\">Demi Lovato<\/a> deve lan\u00e7ar seu nono \u00e1lbum de est\u00fadio somente no ano que vem.<\/p>\n<p>A novidade deixou os f\u00e3s em estado de alerta para um poss\u00edvel adiamento da estreia, j\u00e1 que, no m\u00eas passado, a Rolling Stone noticiou que o novo projeto j\u00e1 estaria em fase final de produ\u00e7\u00e3o e chegaria ainda em 2025.<\/p>\n<p>Por enquanto, tudo \u00e9 rumor, pois Demi ainda n\u00e3o anunciou oficialmente o disco. Ela apenas lan\u00e7ou o primeiro single, intitulado \u201cFast\u201d, no \u00faltimo dia 1\u00ba de agosto.<\/p>\n<p>Afastando-se do rock de \u201cHoly Fvck\u201d (2022) e \u201cRevamped\u201d (2023) para retornar ao dance-pop, a produ\u00e7\u00e3o da can\u00e7\u00e3o ficou a cargo de Zhone, conhecido por trabalhos com <a href=\"https:\/\/www.papelpop.com\/tudo-sobre\/kesha\/\" rel=\"nofollow noopener\" target=\"_blank\">Kesha<\/a> e <a href=\"https:\/\/www.papelpop.com\/tudo-sobre\/troye-sivan\/\" rel=\"nofollow noopener\" target=\"_blank\">Troye Sivan<\/a>. Espera-se que toda a era siga a mesma linha da faixa.<\/p>\n","protected":false},"excerpt":{"rendered":"Em 2026, com certeza? De acordo com uma recente mat\u00e9ria da revista Harper\u2019s Baazar, Demi Lovato deve lan\u00e7ar&hellip;\n","protected":false},"author":2,"featured_media":31850,"comment_status":"","ping_status":"","sticky":false,"template":"","format":"standard","meta":{"footnotes":""},"categories":[141],"tags":[114,115,149,150,32,33],"class_list":{"0":"post-31849","1":"post","2":"type-post","3":"status-publish","4":"format-standard","5":"has-post-thumbnail","7":"category-musica","8":"tag-entertainment","9":"tag-entretenimento","10":"tag-music","11":"tag-musica","12":"tag-portugal","13":"tag-pt"},"share_on_mastodon":{"url":"","error":""},"_links":{"self":[{"href":"https:\/\/www.europesays.com\/pt\/wp-json\/wp\/v2\/posts\/31849","targetHints":{"allow":["GET"]}}],"collection":[{"href":"https:\/\/www.europesays.com\/pt\/wp-json\/wp\/v2\/posts"}],"about":[{"href":"https:\/\/www.europesays.com\/pt\/wp-json\/wp\/v2\/types\/post"}],"author":[{"embeddable":true,"href":"https:\/\/www.europesays.com\/pt\/wp-json\/wp\/v2\/users\/2"}],"replies":[{"embeddable":true,"href":"https:\/\/www.europesays.com\/pt\/wp-json\/wp\/v2\/comments?post=31849"}],"version-history":[{"count":0,"href":"https:\/\/www.europesays.com\/pt\/wp-json\/wp\/v2\/posts\/31849\/revisions"}],"wp:featuredmedia":[{"embeddable":true,"href":"https:\/\/www.europesays.com\/pt\/wp-json\/wp\/v2\/media\/31850"}],"wp:attachment":[{"href":"https:\/\/www.europesays.com\/pt\/wp-json\/wp\/v2\/media?parent=31849"}],"wp:term":[{"taxonomy":"category","embeddable":true,"href":"https:\/\/www.europesays.com\/pt\/wp-json\/wp\/v2\/categories?post=31849"},{"taxonomy":"post_tag","embeddable":true,"href":"https:\/\/www.europesays.com\/pt\/wp-json\/wp\/v2\/tags?post=31849"}],"curies":[{"name":"wp","href":"https:\/\/api.w.org\/{rel}","templated":true}]}}