{"id":31861,"date":"2025-08-16T13:29:08","date_gmt":"2025-08-16T13:29:08","guid":{"rendered":"https:\/\/www.europesays.com\/pt\/31861\/"},"modified":"2025-08-16T13:29:08","modified_gmt":"2025-08-16T13:29:08","slug":"morreu-makkas-dos-black-company-a-banda-de-nadar","status":"publish","type":"post","link":"https:\/\/www.europesays.com\/pt\/31861\/","title":{"rendered":"Morreu Makkas, dos Black Company, a banda de &#8216;Nadar&#8217;"},"content":{"rendered":"<p>Morreu o rapper Makkas, dos Black Company, aos 49 anos, v\u00edtima de doen\u00e7a prolongada. A not\u00edcia foi avan\u00e7ada por nomes ligados ao hip-hop nacional, citados pelo website \u201cRimas e Batidas\u201d.<\/p>\n<p>Nascido Paulo Jorge Morais, em Angola, em 1976, Makkas foi um dos pioneiros do hip-hop em Portugal, juntamente com os Black Company, que obtiveram um enorme sucesso nos anos 90 \u00e0 conta de temas como \u2018Nadar\u2019, o primeiro grande \u00eaxito do g\u00e9nero no pa\u00eds.<\/p>\n<p>Com os Black Company, Makkas editaria dois \u00e1lbuns &#8211; \u201cGera\u00e7\u00e3o Rasca\u201d, de 1995, e \u201cFilhos da Rua\u201d, em 1998 -, ap\u00f3s os quais a banda entraria num hiato que se estenderia por dez anos. Regressaram em 2008 para lan\u00e7ar \u201cFora de S\u00e9rie\u201d.<\/p>\n<p>Em 2014, editou, juntamente com Joana \u201cLBird\u201d Gon\u00e7alves, o \u00e1lbum \u201cRotina\u201d, com o nome Raw Sample Project. Nos \u00faltimos anos, a doen\u00e7a for\u00e7ou-o a afastar-se da m\u00fasica.<\/p>\n","protected":false},"excerpt":{"rendered":"Morreu o rapper Makkas, dos Black Company, aos 49 anos, v\u00edtima de doen\u00e7a prolongada. A not\u00edcia foi avan\u00e7ada&hellip;\n","protected":false},"author":2,"featured_media":31862,"comment_status":"","ping_status":"","sticky":false,"template":"","format":"standard","meta":{"footnotes":""},"categories":[141],"tags":[114,115,149,150,32,33],"class_list":{"0":"post-31861","1":"post","2":"type-post","3":"status-publish","4":"format-standard","5":"has-post-thumbnail","7":"category-musica","8":"tag-entertainment","9":"tag-entretenimento","10":"tag-music","11":"tag-musica","12":"tag-portugal","13":"tag-pt"},"share_on_mastodon":{"url":"","error":""},"_links":{"self":[{"href":"https:\/\/www.europesays.com\/pt\/wp-json\/wp\/v2\/posts\/31861","targetHints":{"allow":["GET"]}}],"collection":[{"href":"https:\/\/www.europesays.com\/pt\/wp-json\/wp\/v2\/posts"}],"about":[{"href":"https:\/\/www.europesays.com\/pt\/wp-json\/wp\/v2\/types\/post"}],"author":[{"embeddable":true,"href":"https:\/\/www.europesays.com\/pt\/wp-json\/wp\/v2\/users\/2"}],"replies":[{"embeddable":true,"href":"https:\/\/www.europesays.com\/pt\/wp-json\/wp\/v2\/comments?post=31861"}],"version-history":[{"count":0,"href":"https:\/\/www.europesays.com\/pt\/wp-json\/wp\/v2\/posts\/31861\/revisions"}],"wp:featuredmedia":[{"embeddable":true,"href":"https:\/\/www.europesays.com\/pt\/wp-json\/wp\/v2\/media\/31862"}],"wp:attachment":[{"href":"https:\/\/www.europesays.com\/pt\/wp-json\/wp\/v2\/media?parent=31861"}],"wp:term":[{"taxonomy":"category","embeddable":true,"href":"https:\/\/www.europesays.com\/pt\/wp-json\/wp\/v2\/categories?post=31861"},{"taxonomy":"post_tag","embeddable":true,"href":"https:\/\/www.europesays.com\/pt\/wp-json\/wp\/v2\/tags?post=31861"}],"curies":[{"name":"wp","href":"https:\/\/api.w.org\/{rel}","templated":true}]}}