{"id":31876,"date":"2025-08-16T13:42:21","date_gmt":"2025-08-16T13:42:21","guid":{"rendered":"https:\/\/www.europesays.com\/pt\/31876\/"},"modified":"2025-08-16T13:42:21","modified_gmt":"2025-08-16T13:42:21","slug":"odete-perde-o-controle-ao-ver-rival-se-reerguer","status":"publish","type":"post","link":"https:\/\/www.europesays.com\/pt\/31876\/","title":{"rendered":"Odete perde o controle ao ver rival se reerguer"},"content":{"rendered":"<p>Nos pr\u00f3ximos cap\u00edtulos de <a href=\"https:\/\/natelinha.uol.com.br\/novelas\/vale-tudo\" rel=\"nofollow noopener\" target=\"_blank\">Vale Tudo<\/a>, Odete Roitman (<a href=\"https:\/\/natelinha.uol.com.br\/famosos\/tudo-sobre\/debora-bloch\" rel=\"nofollow noopener\" target=\"_blank\">Debora Bloch<\/a>) enfrentar\u00e1 uma situa\u00e7\u00e3o inesperada ao acompanhar o crescimento de Raquel (<a href=\"https:\/\/natelinha.uol.com.br\/famosos\/tudo-sobre\/tais-araujo\" rel=\"nofollow noopener\" target=\"_blank\">Ta\u00eds Araujo<\/a>). A empres\u00e1ria volta a ter destaque no mercado de gastronomia ap\u00f3s retomar a Paladar, criar uma linha de sandu\u00edches e lan\u00e7ar uma campanha solid\u00e1ria que chama aten\u00e7\u00e3o nas redes da Tomorrow.<\/p>\n<p>A trama mostra que a tentativa de sabotagem da maionese de Raquel n\u00e3o deu certo. Odete descobre que Celina (<a href=\"https:\/\/natelinha.uol.com.br\/famosos\/tudo-sobre\/malu-galli\" rel=\"nofollow noopener\" target=\"_blank\">Malu Galli<\/a>) \u00e9 s\u00f3cia de sua rival e a obriga a vender sua participa\u00e7\u00e3o na empresa de catering, deixando a m\u00e3e de Maria de F\u00e1tima (<a href=\"https:\/\/natelinha.uol.com.br\/famosos\/tudo-sobre\/bella-campos\" rel=\"nofollow noopener\" target=\"_blank\">Bella Campos<\/a>) com d\u00edvidas e sem o controle do neg\u00f3cio.<\/p>\n<p>Enquanto Raquel vende sandu\u00edches na praia para se sustentar, Odete observa que a rival n\u00e3o apenas sobrevive, mas tamb\u00e9m retoma a Paladar com apoio de Celina, que compra novamente a empresa e doa o im\u00f3vel \u00e0 cozinheira.<\/p>\n<p>continua depois da publicidade<\/p>\n<p>+\u00a0<a href=\"https:\/\/natelinha.uol.com.br\/novelas\/2025\/08\/15\/vale-tudo-maria-de-fatima-tenta-furtar-joias-e-acaba-detida-por-eugenio-com-a-sua-licenca-229910.php\" target=\"_blank\" rel=\"noopener noreferrer nofollow\">Vale Tudo: Maria de F\u00e1tima tenta furtar joias e acaba detida por Eug\u00eanio: &#8220;Com a sua licen\u00e7a&#8221;<\/a><\/p>\n<p>Raquel substitui o contrato com a TCA por uma linha de sandu\u00edches para snack food e inicia uma campanha solid\u00e1ria, em que cada refei\u00e7\u00e3o vendida resulta na doa\u00e7\u00e3o de um prato para moradores em situa\u00e7\u00e3o de rua. A iniciativa ganha destaque na Tomorrow, aumentando a clientela da hero\u00edna.<\/p>\n<p>Odete descobre ainda que, para proteger a sobrinha Heleninha (<a href=\"https:\/\/natelinha.uol.com.br\/famosos\/tudo-sobre\/paolla-oliveira\" rel=\"nofollow noopener\" target=\"_blank\">Paolla Oliveira<\/a>), Celina cede \u00e0s exig\u00eancias da empres\u00e1ria e refor\u00e7a sua parceria com Raquel.<\/p>\n<p>Odete se rasgar\u00e1 de inveja em Vale Tudo<\/p>\n<p><img decoding=\"async\" src=\"https:\/\/www.europesays.com\/pt\/wp-content\/uploads\/2025\/08\/globo-vale-tudo-odete-roitman-vai-tentar-subornar_1872.jpeg\" alt=\"imagem-texto\"\/><\/p>\n<p>A bilion\u00e1ria percebe que a cozinheira e sua equipe, incluindo Poliana (<a href=\"https:\/\/natelinha.uol.com.br\/famosos\/tudo-sobre\/matheus-nachtergaele\" rel=\"nofollow noopener\" target=\"_blank\">Matheus Nachtergaele<\/a>), Gilda (<a href=\"https:\/\/natelinha.uol.com.br\/famosos\/tudo-sobre\/leticia-vieira\" rel=\"nofollow noopener\" target=\"_blank\">Let\u00edcia Vieira<\/a>), Bartolomeu (<a href=\"https:\/\/natelinha.uol.com.br\/famosos\/tudo-sobre\/luis-melo\" rel=\"nofollow noopener\" target=\"_blank\">Lu\u00eds Melo<\/a>) e Pascoal (Leandro L\u00e9o), est\u00e3o conseguindo reorganizar a Paladar sem depender mais da TCA.<\/p>\n<p>continua depois da publicidade<\/p>\n<p>+\u00a0<a href=\"https:\/\/natelinha.uol.com.br\/tv-historia\/2025\/08\/15\/quem-vai-matar-odete-roitman-em-vale-tudo-primeira-versao-teve-ate-crianca-entre-os-suspeitos-229938.php\" target=\"_blank\" rel=\"noopener noreferrer nofollow\">Quem vai matar Odete Roitman em Vale Tudo? Primeira vers\u00e3o teve at\u00e9 crian\u00e7a entre os suspeitos<\/a><\/p>\n<p>A empres\u00e1ria observa que Raquel expande seus neg\u00f3cios com a venda de sandu\u00edches em postos de gasolina e a transforma\u00e7\u00e3o da Paladar em um restaurante funcional. A campanha solid\u00e1ria tamb\u00e9m refor\u00e7a a visibilidade da rival, deixando Odete em alerta sobre a influ\u00eancia crescente de Raquel.<\/p>\n<p><strong>Confira os resumos da semana das outras novelas:<\/strong><\/p>\n<p>O\u00a0<strong>NaTelinha<\/strong>\u00a0divulga todos os dias os\u00a0<a href=\"https:\/\/natelinha.uol.com.br\/novelas\" rel=\"nofollow noopener\" target=\"_blank\"><strong>resumos dos cap\u00edtulos<\/strong><\/a>, detalhes dos personagens, entrevistas exclusivas com o elenco e spoiler da novela Vale Tudo.\u00a0\u00a0<\/p>\n<p>continua depois da publicidade<\/p>\n<p><strong>Assista \u00e0 abertura do remake de Vale Tudo:\u00a0 \u00a0<\/strong><\/p>\n<p><strong><\/p>\n<p>                                <img decoding=\"async\" alt=\"Imagem da thumbnail do v\u00eddeo\" src=\"https:\/\/www.europesays.com\/pt\/wp-content\/uploads\/2025\/07\/1753885272_70_hqdefault.jpg\" class=\"play-video\"\/><\/p>\n<p>                            <\/strong><\/p>\n","protected":false},"excerpt":{"rendered":"Nos pr\u00f3ximos cap\u00edtulos de Vale Tudo, Odete Roitman (Debora Bloch) enfrentar\u00e1 uma situa\u00e7\u00e3o inesperada ao acompanhar o crescimento&hellip;\n","protected":false},"author":2,"featured_media":31877,"comment_status":"","ping_status":"","sticky":false,"template":"","format":"standard","meta":{"footnotes":""},"categories":[142],"tags":[7150,114,115,4010,4009,6661,4008,32,33,7151,151,2154],"class_list":{"0":"post-31876","1":"post","2":"type-post","3":"status-publish","4":"format-standard","5":"has-post-thumbnail","7":"category-tv","8":"tag-cesar-vale-tudo","9":"tag-entertainment","10":"tag-entretenimento","11":"tag-heleninha-vale-tudo","12":"tag-ivan-vale-tudo","13":"tag-maria-de-fatima-vale-tudo","14":"tag-odete-roitman-vale-tudo","15":"tag-portugal","16":"tag-pt","17":"tag-raquel-vale-tudo","18":"tag-tv","19":"tag-vale-tudo"},"share_on_mastodon":{"url":"","error":""},"_links":{"self":[{"href":"https:\/\/www.europesays.com\/pt\/wp-json\/wp\/v2\/posts\/31876","targetHints":{"allow":["GET"]}}],"collection":[{"href":"https:\/\/www.europesays.com\/pt\/wp-json\/wp\/v2\/posts"}],"about":[{"href":"https:\/\/www.europesays.com\/pt\/wp-json\/wp\/v2\/types\/post"}],"author":[{"embeddable":true,"href":"https:\/\/www.europesays.com\/pt\/wp-json\/wp\/v2\/users\/2"}],"replies":[{"embeddable":true,"href":"https:\/\/www.europesays.com\/pt\/wp-json\/wp\/v2\/comments?post=31876"}],"version-history":[{"count":0,"href":"https:\/\/www.europesays.com\/pt\/wp-json\/wp\/v2\/posts\/31876\/revisions"}],"wp:featuredmedia":[{"embeddable":true,"href":"https:\/\/www.europesays.com\/pt\/wp-json\/wp\/v2\/media\/31877"}],"wp:attachment":[{"href":"https:\/\/www.europesays.com\/pt\/wp-json\/wp\/v2\/media?parent=31876"}],"wp:term":[{"taxonomy":"category","embeddable":true,"href":"https:\/\/www.europesays.com\/pt\/wp-json\/wp\/v2\/categories?post=31876"},{"taxonomy":"post_tag","embeddable":true,"href":"https:\/\/www.europesays.com\/pt\/wp-json\/wp\/v2\/tags?post=31876"}],"curies":[{"name":"wp","href":"https:\/\/api.w.org\/{rel}","templated":true}]}}