{"id":31884,"date":"2025-08-16T13:50:14","date_gmt":"2025-08-16T13:50:14","guid":{"rendered":"https:\/\/www.europesays.com\/pt\/31884\/"},"modified":"2025-08-16T13:50:14","modified_gmt":"2025-08-16T13:50:14","slug":"ainda-nao-chegamos-la-encontro-entre-putin-e-trump-no-alasca-termina-sem-acordo","status":"publish","type":"post","link":"https:\/\/www.europesays.com\/pt\/31884\/","title":{"rendered":"&#8220;Ainda n\u00e3o chegamos l\u00e1&#8221;. Encontro entre Putin e Trump no Alasca termina sem acordo"},"content":{"rendered":"<p>                    <b>Donald Trump disse que concordou \u201cem muitos pontos\u201d com o seu hom\u00f3logo russo,<\/b> mas salientou que os dois n\u00e3o chegaram a acordo sobre o aspeto \u201cmais significativo\u201d, sem especificar qual. Segundo o Presidente norte-americano,<b> ficaram &#8220;muito poucas quest\u00f5es&#8221; a resolver.<\/b><\/p>\n<p>\u201cMuitos pontos foram acordados. Restam apenas alguns. Alguns n\u00e3o s\u00e3o t\u00e3o significativos. Um \u00e9 provavelmente o mais significativo, mas temos boas hip\u00f3teses de l\u00e1 chegar. <b>N\u00e3o cheg\u00e1mos l\u00e1, mas temos boas hip\u00f3teses de l\u00e1 chegar&#8221;,<\/b> disse Trump aos jornalistas em Anchorage, no Alasca.<\/p>\n<p><b>&#8220;N\u00e3o h\u00e1 acordo at\u00e9 haver um acordo\u201d,<\/b> acrescentou. <br \/>&#13;\n<\/p>\n<p>          <img decoding=\"async\" itemprop=\"image\" class=\"img-fluid\"   src=\"https:\/\/www.europesays.com\/pt\/wp-content\/uploads\/2025\/08\/d248fd0e0133c87f5cb7d201066b9301_N.jpg\"\/><\/p>\n<p>&#13;<br \/>\nO presidente norte-americano adiantou que ia agora telefonar ao presidente ucraniano, Volodymyr Zelensky, l\u00edderes europeus e aos l\u00edderes da NATO para lhes transmitir o que foi falado nesta reuni\u00e3o.&#13;\n<\/p>\n<p>Os ecos desses contactos foram conhecidos j\u00e1 na manh\u00e3 deste s\u00e1bado. O porta-voz do presidente disse que <a href=\"https:\/\/www.rtp.pt\/noticias\/guerra-na-ucrania\/zelensky-reune-se-com-trump-na-segunda-feira-e-reafirma-prontidao-para-trabalhar-com-maximo-esforco-para-chegar-a-paz_n1676876\" target=\"_blank\" rel=\"nofollow noopener\">Trump teve uma \u201clonga chamada\u201d com Zelensky.\u00a0<\/a><b>\u201cFoi uma longa chamada, primeiro entre os presidentes Zelensky e Trump, e depois os dirigentes europeus juntaram-se a eles\u201d,<\/b> precisou a presid\u00eancia ucraniana.<\/p>\n<p>&#13;<br \/>\nNa chamada participaram a presidente da Comiss\u00e3o Europeia, Ursula von der Leyen, o Presidente franc\u00eas, Emmanuel Macron, o chanceler alem\u00e3o, Friedrich Merz, o primeiro-ministro brit\u00e2nico, Keir Starmer, e o secret\u00e1rio-geral da NATO, Mark Rutte. A conversa durou \u201cum pouco mais de uma hora\u201d, segundo a mesma fonte.<br \/>&#13;\n<\/p>\n<p>&#13;<br \/>\nDepois da cimeira, Trump defendeu que acordo depende de Zelensky. <b>&#8220;Agora, depende realmente do Presidente Zelensky para que isso seja feito. E tamb\u00e9m diria que os pa\u00edses europeus precisam de se envolver um pouco, mas isso depende do Presidente Zelensky&#8221;<\/b>, declarou, sem concretizar, o l\u00edder da Casa Branca em entrevista ao canal norte-americano Fox News, depois de partir do Alasca.&#13;\n<\/p>\n<p>          <img decoding=\"async\" itemprop=\"image\" class=\"img-fluid\"   src=\"https:\/\/www.europesays.com\/pt\/wp-content\/uploads\/2025\/08\/4a7642b956aba3a3a55083fc38862a9c_N.jpg\"\/><\/p>\n<p><\/p>\n<p>&#13;<br \/>\nApesar de n\u00e3o o ter mencionado nas declara\u00e7\u00f5es aos jornalistas junto de Putin, o Presidente norte-americano disse na entrevista \u00e0 Fox News que espera que um encontro dos l\u00edderes ucraniano e russo possa acontecer e que talvez se junte a eles.&#13;\n<\/p>\n<p>&#13;<br \/>\n\u00c0 esta\u00e7\u00e3o televisiva norte-americana pr\u00f3xima da Casa Branca, Donald Trump recusou-se partilhar o que tinha acertado com o hom\u00f3logo russo e os assuntos ainda pendentes, insistindo que &#8220;n\u00e3o \u00e9 um acordo fechado&#8221;.&#13;\n<\/p>\n<p>&#13;<br \/>\n<b>O Presidente norte-americano disse tamb\u00e9m concordar &#8220;em grande medida&#8221; com Putin sobre uma troca de terras entre a Ucr\u00e2nia e a R\u00fassia<\/b>, no \u00e2mbito de um futuro acordo de paz entre os dois pa\u00edses, uma ideia at\u00e9 agora rejeitada por Kiev.&#13;\n<\/p>\n<p>Entre as raz\u00f5es de Zelensky para n\u00e3o chegar a acordo, Trump sugeriu que a Ucr\u00e2nia recebeu financiamento significativo da Europa e dos Estados Unidos durante o conflito e voltou a visar o seu antecessor. <br \/>\nPutin quer eliminar \u201cra\u00edzes prim\u00e1rias deste conflito\u201d<br \/>\nVladimir Putin, por sua vez, garantiu estar empenhado em terminar a guerra na Ucr\u00e2nia, mas salientou que para isso \u00e9 preciso \u201celiminar as ra\u00edzes prim\u00e1rias deste conflito&#8221; e pediu \u00e0 Ucr\u00e2nia e \u00e0 Uni\u00e3o Europeia para &#8220;n\u00e3o criarem obst\u00e1culos&#8221;. <\/p>\n<p>Pediu tamb\u00e9m que se abstenham de &#8220;provoca\u00e7\u00f5es ou intrigas de bastidores&#8221; que minem os progressos alcan\u00e7ados.<\/p>\n<p>&#13;<br \/>\n<b>Como uma das raras novidades da reuni\u00e3o, o Presidente russo disse concordar com Trump em rela\u00e7\u00e3o a garantias de seguran\u00e7a exigidas por Kiev como condi\u00e7\u00e3o para a paz<\/b>.&#13;\n<\/p>\n<p>&#8220;Estamos prontos para trabalhar nisso&#8221;, observou, mais uma vez sem pormenores.<\/p>\n<p>          <img decoding=\"async\" itemprop=\"image\" class=\"img-fluid\"   src=\"https:\/\/www.europesays.com\/pt\/wp-content\/uploads\/2025\/08\/9c556b96dd327180a16ae802baded95c_N.jpg\"\/><\/p>\n<p>&#13;<br \/>\nNuma cr\u00edtica ao ex-presidente norte-americano, Joe Biden, o presidente russo disse que as rela\u00e7\u00f5es entre Moscovo e Washington atingiram \u201cum ponto muito baixo\u201d nos \u00faltimos quatro anos, e deixou elogios a Trump, <b>afirmando que &#8220;se Trump fosse presidente dos EUA em 2022, n\u00e3o havia guerra&#8221;.<br \/>&#13;<br \/>\n<\/b>&#13;\n<\/p>\n<p>&#13;<br \/>\nO Presidente russo manifestou confian\u00e7a de que os dois dirigentes constru\u00edram &#8220;uma rela\u00e7\u00e3o muito boa, profissional e de confian\u00e7a&#8221; e, desse modo, tem &#8220;todas as raz\u00f5es&#8221; para acreditar num &#8220;fim mais r\u00e1pido e melhor para o conflito na Ucr\u00e2nia&#8221;.&#13;\n<\/p>\n<p><b>O l\u00edder norte-americano referiu-se frequentemente ao conflito na Ucr\u00e2nia como a &#8220;guerra de Biden&#8221;<\/b> e sugeriu que o antigo Presidente dos Estados Unidos n\u00e3o era respeitado nem na R\u00fassia nem na NATO.<br \/>\nEncontro em breve<br \/>\nNo final da confer\u00eancia de imprensa, que n\u00e3o teve direito a perguntas dos jornalistas, <b>Trump disse que \u201cprovavelmente\u201d iria encontrar-se com o seu hom\u00f3logo russo \u201cem breve\u201d. \u201cDa pr\u00f3xima vez \u00e9 em Moscovo\u201d, sugeriu Putin. <\/b>&#8220;Imagino que isso possa acontecer&#8221;, retorquiu o l\u00edder norte-americano, \u00e0 frente de um cen\u00e1rio azul com a inscri\u00e7\u00e3o &#8220;Em Busca da Paz&#8221;.<\/p>\n<p>Foi o primeiro encontro dos dois presidentes desde 2018 e que marcou o regresso de Vladimir Putin aos Estados Unidos, ap\u00f3s dez anos de aus\u00eancia, bem como a um grande palco diplom\u00e1tico, apesar de procurado pelo Tribunal Penal Internacional por crimes de guerra, e de rela\u00e7\u00f5es suspensas entre Washington e Moscovo a partir da invas\u00e3o russa da Ucr\u00e2nia, em fevereiro de 2022.<br \/>&#13;<br \/>\nO ausente<br \/>&#13;\n<\/p>\n<p>&#13;<br \/>\nO grande ausente no Alasca foi o Presidente ucraniano, que n\u00e3o estava convidado para a cimeira e advertiu ao longo da passada semana que qualquer decis\u00e3o tomada sem a participa\u00e7\u00e3o da Ucr\u00e2nia &#8220;nasce morta&#8221;.&#13;\n<\/p>\n<p>&#13;<br \/>\nAo mesmo tempo, exigiu um cessar-fogo, at\u00e9 agora recusado por Moscovo, como ponto de partida para um acordo de paz, mas na cimeira de sexta-feira n\u00e3o foi anunciada nenhuma tr\u00e9gua.&#13;\n<\/p>\n<p>Em simult\u00e2neo com a reuni\u00e3o no Alasca, <b>Zelensky alertou que, &#8220;no dia das negocia\u00e7\u00f5es, a R\u00fassia continua a matar como sempre, e isso diz muito&#8221;<\/b>, numa mensagem na rede X que elencava uma s\u00e9rie de ataques russos.<\/p>\n<p>No Alasca, n\u00e3o saiu qualquer indica\u00e7\u00e3o sobre a participa\u00e7\u00e3o do l\u00edder ucraniano numa pr\u00f3xima reuni\u00e3o, anteriormente defendida pelo Presidente norte-americano e admitida pelo Kremlin, caso houvesse progressos neste encontro.&#13;<\/p>\n","protected":false},"excerpt":{"rendered":"Donald Trump disse que concordou \u201cem muitos pontos\u201d com o seu hom\u00f3logo russo, mas salientou que os dois&hellip;\n","protected":false},"author":2,"featured_media":31885,"comment_status":"","ping_status":"","sticky":false,"template":"","format":"standard","meta":{"footnotes":""},"categories":[50],"tags":[27,28,15,16,14,25,26,21,22,62,12,13,19,20,23,24,420,421,17,18,29,30,31,63,64,65],"class_list":{"0":"post-31884","1":"post","2":"type-post","3":"status-publish","4":"format-standard","5":"has-post-thumbnail","7":"category-mundo","8":"tag-breaking-news","9":"tag-breakingnews","10":"tag-featured-news","11":"tag-featurednews","12":"tag-headlines","13":"tag-latest-news","14":"tag-latestnews","15":"tag-main-news","16":"tag-mainnews","17":"tag-mundo","18":"tag-news","19":"tag-noticias","20":"tag-noticias-principais","21":"tag-noticiasprincipais","22":"tag-principais-noticias","23":"tag-principaisnoticias","24":"tag-rtp","25":"tag-rtp-noticias","26":"tag-top-stories","27":"tag-topstories","28":"tag-ultimas","29":"tag-ultimas-noticias","30":"tag-ultimasnoticias","31":"tag-world","32":"tag-world-news","33":"tag-worldnews"},"share_on_mastodon":{"url":"","error":""},"_links":{"self":[{"href":"https:\/\/www.europesays.com\/pt\/wp-json\/wp\/v2\/posts\/31884","targetHints":{"allow":["GET"]}}],"collection":[{"href":"https:\/\/www.europesays.com\/pt\/wp-json\/wp\/v2\/posts"}],"about":[{"href":"https:\/\/www.europesays.com\/pt\/wp-json\/wp\/v2\/types\/post"}],"author":[{"embeddable":true,"href":"https:\/\/www.europesays.com\/pt\/wp-json\/wp\/v2\/users\/2"}],"replies":[{"embeddable":true,"href":"https:\/\/www.europesays.com\/pt\/wp-json\/wp\/v2\/comments?post=31884"}],"version-history":[{"count":0,"href":"https:\/\/www.europesays.com\/pt\/wp-json\/wp\/v2\/posts\/31884\/revisions"}],"wp:featuredmedia":[{"embeddable":true,"href":"https:\/\/www.europesays.com\/pt\/wp-json\/wp\/v2\/media\/31885"}],"wp:attachment":[{"href":"https:\/\/www.europesays.com\/pt\/wp-json\/wp\/v2\/media?parent=31884"}],"wp:term":[{"taxonomy":"category","embeddable":true,"href":"https:\/\/www.europesays.com\/pt\/wp-json\/wp\/v2\/categories?post=31884"},{"taxonomy":"post_tag","embeddable":true,"href":"https:\/\/www.europesays.com\/pt\/wp-json\/wp\/v2\/tags?post=31884"}],"curies":[{"name":"wp","href":"https:\/\/api.w.org\/{rel}","templated":true}]}}