{"id":31888,"date":"2025-08-16T13:53:15","date_gmt":"2025-08-16T13:53:15","guid":{"rendered":"https:\/\/www.europesays.com\/pt\/31888\/"},"modified":"2025-08-16T13:53:15","modified_gmt":"2025-08-16T13:53:15","slug":"carla-zambelli-chora-na-cadeia-e-nao-pode-comprar-xampu-15-08-2025-jose-simao","status":"publish","type":"post","link":"https:\/\/www.europesays.com\/pt\/31888\/","title":{"rendered":"Carla Zambelli chora na cadeia e n\u00e3o pode comprar xampu &#8211; 15\/08\/2025 &#8211; Jos\u00e9 Sim\u00e3o"},"content":{"rendered":"<p>Buemba! Buemba! Macaco Sim\u00e3o Urgente! O esculhambador-geral da Rep\u00fablica!<\/p>\n<p>Breaking news! 1) Pastor de igreja \u00e9 flagrado andando de <a href=\"https:\/\/f5.folha.uol.com.br\/voceviu\/2025\/08\/video-de-bispo-em-disfarce-incomum-viraliza-eduardo-costa-explica-motivo.shtml\" rel=\"nofollow noopener\" target=\"\">peruca e calcinha<\/a> em Goi\u00e2nia! Diz ele que era uma investiga\u00e7\u00e3o! Mudou de nome? Agora \u00e9 investiga\u00e7\u00e3o que chama? Rarar\u00e1!<\/p>\n<p>E j\u00e1 est\u00e1 \u00e0 venda na 25 de Mar\u00e7o por R$ 70 o &#8220;kit pastor&#8221;: uma peruca loira, uma blusinha e uma calcinha! O mesmo modelo que a <a href=\"https:\/\/www1.folha.uol.com.br\/folha-topicos\/julia-roberts\/\" rel=\"nofollow noopener\" target=\"\">Julia Roberts<\/a> usou em &#8220;<a href=\"https:\/\/m.folha.uol.com.br\/asmais\/2015\/03\/1606715-9-momentos-provam-que-uma-linda-mulher-e-a-melhor-comedia-romantica-dos-anos-90.shtml\" rel=\"nofollow noopener\" target=\"\">Uma Linda Mulher<\/a>&#8220;. Rarar\u00e1! Normal!<\/p>\n<p>Um pastor casou com uma amiga e cortava a cueca para fazer calcinha! E um outro pastor botava uma espiga de milho na cabe\u00e7a e ficava em frente ao espelho imitando a <a href=\"https:\/\/f5.folha.uol.com.br\/colunistas\/outro-canal\/2024\/12\/wanderlea-lamenta-falta-de-erasmo-em-especial-de-roberto-carlos-na-globo-memoria-forte.shtml\" rel=\"nofollow noopener\" target=\"\">Wanderl\u00e9a<\/a>!<\/p>\n<p>2) <a href=\"https:\/\/www1.folha.uol.com.br\/folha-topicos\/carla-zambelli\/\" rel=\"nofollow noopener\" target=\"\">Carla Zambelli<\/a> chora muito na cadeia e diz que n\u00e3o tem dinheiro nem para comprar um xampu! Tadinha! Vou mandar uma barra de sab\u00e3o de coco, aquelas de lavar roupa em beira de rio! Rarar\u00e1! Na <a href=\"https:\/\/www1.folha.uol.com.br\/poder\/2025\/08\/zambelli-passa-mal-durante-audiencia-na-italia-e-e-levada-a-hospital-diz-advogado.shtml\" rel=\"nofollow noopener\" target=\"\">It\u00e1lia <\/a>n\u00e3o tem <a href=\"https:\/\/www1.folha.uol.com.br\/folha-topicos\/pcc\/\" rel=\"nofollow noopener\" target=\"\">PCC<\/a>? Para dar um de presente para ela? Eu acho que ela j\u00e1 pegou piolho!<\/p>\n<p>3) Prefeito de Pedro do Ros\u00e1rio, no <a href=\"https:\/\/www1.folha.uol.com.br\/folha-topicos\/maranhao-estado\/\" rel=\"nofollow noopener\" target=\"\">Maranh\u00e3o<\/a>, n\u00e3o paga professores e p\u00f5e a culpa no <a href=\"https:\/\/www1.folha.uol.com.br\/mercado\/2025\/08\/precos-de-importados-dos-eua-sobem-em-julho-apos-tarifaco-de-trump.shtml\" rel=\"nofollow noopener\" target=\"\">tarifa\u00e7o do Trump<\/a>! E, quando pagar, vem com 50% de desconto! Rarar\u00e1! Ali\u00e1s, eu faria um filme porn\u00f4 chamado &#8220;No Tarifa\u00e7o do Trump&#8221;.<\/p>\n<p>4) Deputado baiano <a href=\"https:\/\/www1.folha.uol.com.br\/colunas\/painel\/2025\/08\/bolsoanristas-montam-forca-tarefa-com-escala-para-ocupar-mesa-da-camara-ate-dia-12.shtml\" rel=\"nofollow noopener\" target=\"\">Capit\u00e3o Alden<\/a> do <a href=\"https:\/\/www1.folha.uol.com.br\/folha-topicos\/pl\/\" rel=\"nofollow noopener\" target=\"\">PL<\/a>: &#8220;Eu nunca, em nenhum lugar do mundo, vi uma tentativa de golpe ou golpe sem arma, sem sangue, sem bunda&#8221;. Golpe de cu! Aquele que o <a href=\"https:\/\/www1.folha.uol.com.br\/folha-topicos\/jair-bolsonaro\/\" rel=\"nofollow noopener\" target=\"\">Bolsonaro <\/a>tentou dar! \ufeffE o <a href=\"https:\/\/www1.folha.uol.com.br\/poder\/2025\/08\/notificacao-do-rumble-a-moraes-e-enviada-ao-stj-para-intimacao-de-ministro-em-processo-nos-eua.shtml\" rel=\"nofollow noopener\" target=\"\">Moraes <\/a>barrou! E o meme: &#8220;Trump pro\u00edbe Moraes de usar xampu ap\u00f3s decreta\u00e7\u00e3o de pris\u00e3o de Bolsonaro!&#8221;. Ali\u00e1s, o Moraes est\u00e1 cada dia mais parecendo um vibrador! Rarar\u00e1!<\/p>\n<p>5) E o Congresso? Sensacionalista: &#8220;Baderneiros repetem <a href=\"https:\/\/www1.folha.uol.com.br\/folha-topicos\/ataque-a-democracia\/\" rel=\"nofollow noopener\" target=\"\">8 de janeiro<\/a> para pedir <a href=\"https:\/\/www1.folha.uol.com.br\/poder\/2025\/07\/moraes-antecipa-posicao-e-chama-de-inconstitucional-projeto-de-anistia-defendido-por-bolsonaro.shtml\" rel=\"nofollow noopener\" target=\"\">anistia <\/a>pelo 8 de janeiro&#8221;. Rarar\u00e1!<\/p>\n<p>6 ) <a href=\"https:\/\/f5.folha.uol.com.br\/celebridades\/2025\/03\/bell-marques-e-familia-passam-ferias-na-tailandia-nao-sentimos-nenhum-tremor.shtml\" rel=\"nofollow noopener\" target=\"\">Bell Marques<\/a> passa mal e sai carregado de corrida em <a href=\"https:\/\/www1.folha.uol.com.br\/folha-topicos\/fortaleza\/\" rel=\"nofollow noopener\" target=\"\">Fortaleza<\/a>. E ainda faltam uns oito meses para o <a href=\"https:\/\/www1.folha.uol.com.br\/folha-topicos\/carnaval\/\" rel=\"nofollow noopener\" target=\"\">Carnaval<\/a>! E a lojinha online do Trump? Um jornalista da <a href=\"https:\/\/www1.folha.uol.com.br\/ilustrada\/2025\/02\/new-yorker-chega-aos-cem-como-um-icone-de-resistencia-do-jornalismo.shtml\" rel=\"nofollow noopener\" target=\"\">New Yorker<\/a> tentou calcular quanto que o Trump ganhou durante o governo com os produtos licenciados. Bon\u00e9 de beisebol, US$ 50; porta-cervejas, US$ 18; chinelos de pl\u00e1stico azul, vermelho e branco, US$ 40. E deu uns US$ 280 milh\u00f5es! Mais uns quebrados!<\/p>\n<p>N\u00f3is sofre, mas n\u00f3is goza!<\/p>\n<p>Que eu vou pingar o meu col\u00edrio alucin\u00f3geno!<\/p>\n<p>Mais \u00e9tica na demagogia!<\/p>\n<p class=\"c-context__content\">&#13;<br \/>\n    <strong>LINK PRESENTE:<\/strong> Gostou deste texto? Assinante pode liberar sete acessos gratuitos de qualquer link por dia. Basta clicar no F azul abaixo.&#13;\n  <\/p>\n","protected":false},"excerpt":{"rendered":"Buemba! Buemba! Macaco Sim\u00e3o Urgente! O esculhambador-geral da Rep\u00fablica! Breaking news! 1) Pastor de igreja \u00e9 flagrado andando&hellip;\n","protected":false},"author":2,"featured_media":31889,"comment_status":"","ping_status":"","sticky":false,"template":"","format":"standard","meta":{"footnotes":""},"categories":[145],"tags":[4178,5557,3794,211,210,4297,92,114,115,236,10352,1125,10351,3239,32,33,4179],"class_list":{"0":"post-31888","1":"post","2":"type-post","3":"status-publish","4":"format-standard","5":"has-post-thumbnail","7":"category-celebridades","8":"tag-alexandre-de-moraes","9":"tag-camara-dos-deputados","10":"tag-carla-zambelli","11":"tag-celebridades","12":"tag-celebrities","13":"tag-deputado-federal","14":"tag-donald-trump","15":"tag-entertainment","16":"tag-entretenimento","17":"tag-folha","18":"tag-igreja","19":"tag-jair-bolsonaro","20":"tag-pastor","21":"tag-pl","22":"tag-portugal","23":"tag-pt","24":"tag-stf"},"share_on_mastodon":{"url":"","error":""},"_links":{"self":[{"href":"https:\/\/www.europesays.com\/pt\/wp-json\/wp\/v2\/posts\/31888","targetHints":{"allow":["GET"]}}],"collection":[{"href":"https:\/\/www.europesays.com\/pt\/wp-json\/wp\/v2\/posts"}],"about":[{"href":"https:\/\/www.europesays.com\/pt\/wp-json\/wp\/v2\/types\/post"}],"author":[{"embeddable":true,"href":"https:\/\/www.europesays.com\/pt\/wp-json\/wp\/v2\/users\/2"}],"replies":[{"embeddable":true,"href":"https:\/\/www.europesays.com\/pt\/wp-json\/wp\/v2\/comments?post=31888"}],"version-history":[{"count":0,"href":"https:\/\/www.europesays.com\/pt\/wp-json\/wp\/v2\/posts\/31888\/revisions"}],"wp:featuredmedia":[{"embeddable":true,"href":"https:\/\/www.europesays.com\/pt\/wp-json\/wp\/v2\/media\/31889"}],"wp:attachment":[{"href":"https:\/\/www.europesays.com\/pt\/wp-json\/wp\/v2\/media?parent=31888"}],"wp:term":[{"taxonomy":"category","embeddable":true,"href":"https:\/\/www.europesays.com\/pt\/wp-json\/wp\/v2\/categories?post=31888"},{"taxonomy":"post_tag","embeddable":true,"href":"https:\/\/www.europesays.com\/pt\/wp-json\/wp\/v2\/tags?post=31888"}],"curies":[{"name":"wp","href":"https:\/\/api.w.org\/{rel}","templated":true}]}}