{"id":31890,"date":"2025-08-16T14:01:17","date_gmt":"2025-08-16T14:01:17","guid":{"rendered":"https:\/\/www.europesays.com\/pt\/31890\/"},"modified":"2025-08-16T14:01:17","modified_gmt":"2025-08-16T14:01:17","slug":"sc-braga-vai-jogar-fora-frente-a-equipa-de-gibraltar-no-algarve-zerozero-pt","status":"publish","type":"post","link":"https:\/\/www.europesays.com\/pt\/31890\/","title":{"rendered":"SC Braga vai jogar fora frente a equipa de Gibraltar&#8230; no Algarve &#8211; zerozero.pt"},"content":{"rendered":"<ol>\n<li><a href=\"https:\/\/news.google.com\/rss\/articles\/CBMipgFBVV95cUxOaUcyeGNVcnBHN21QLTUxYVRHMm8xQjU2U04wOWZ0UEJNcllLM0MzMG1KZDFWVUdxNzlXbmxqTjlWaEFwTnczYjJLVEExZXV2eUNoeHVlOHd1WUJfUEN3b0lzeUpfdVpMSVJGRlQ4d3h1U3BGV1liMlNxbnBGd1lubG5VMUFWakt5MWw4U3V1UnVrTm1JYzZMNnRMWjkxME5zeVZSdDdR?oc=5\" target=\"_blank\" rel=\"nofollow noopener\">SC Braga vai jogar fora frente a equipa de Gibraltar&#8230; no Algarve<\/a>&nbsp;&nbsp;zerozero.pt<\/li>\n<li><a href=\"https:\/\/news.google.com\/rss\/articles\/CBMikwFBVV95cUxPRklSVXIyOVI1dm5KTkJKeW5iR0hnb1I2Y0RpYzJJME9OSktvM080RzZXSm5hUkNaenc0TE9WZjFmWk5rN29oUjVwREs5aVZ1bDlDWU9OczdGNFQ0M0lyamluQ2VUcnAzejFuVGoxTzhGNFlMLUxTV2FfWllBa1hGRTBQdmo0ZDFVYWRxb0lVeGRYOWM?oc=5\" target=\"_blank\" rel=\"nofollow noopener\">SC Braga: Zalazar s\u00f3 sabe bisar no Minho<\/a>&nbsp;&nbsp;A Bola<\/li>\n<li><a href=\"https:\/\/news.google.com\/rss\/articles\/CBMiogFBVV95cUxPWm1FSG5VYlB3NXg3bWtxenNPTG5zX3FHVjB4TVR2LXhHbC0zR3AyeHV4anM4NThkcmtsZzkyWnFxTktYTmk3OURTY2hFMFRZcXVFQm14aGRSZGdJa2lTczVUSXJmcnJQWWtjUzk0TEp1X24tWHByLXhyRUVVRVkwVWVULXVrejhub09MMXB1Vkt6Qm50WC1fT0xONDU3LU1RQnc?oc=5\" target=\"_blank\" rel=\"nofollow noopener\">Sporting de Braga continua na Liga Europa<\/a>&nbsp;&nbsp;RTP<\/li>\n<li><a href=\"https:\/\/news.google.com\/rss\/articles\/CBMi4wFBVV95cUxPTE9MREI5WlJHSHVCbDRiUWxDbWhVQThUNXlIajFuVHp1clVMNlpwZl9WLTk4QzFhdWI0ZGdaTTRFamxIc2ZpcVhZY0JMazVGdHhqLUxnRi1GeDNwdGYtVmlkUU9ha000dVF5WUw3dzFRNGhHRXhXWUhUQmkzd3NwbVUzX0hmYjQ2NnN3S3BSbnFfdWZnMlVYNnNVWVhkWURTVS1yWk56N25TWTQxTDlBT0UwSTBHUXVKRlZ5NVd0NTFSNlNILUN6bEZGdW53NkFKYTAtVjdQWGZXaUVIMHJQOTZOQQ?oc=5\" target=\"_blank\" rel=\"nofollow noopener\">Dan Petrescu: \u00abN\u00e3o sei por que \u00e9 que o \u00e1rbitro ajudou um pouco o Sp. Braga&#8230;\u00bb<\/a>&nbsp;&nbsp;Record<\/li>\n<li><a href=\"https:\/\/news.google.com\/rss\/articles\/CBMirgFBVV95cUxOX1lvN3dvS1NVcDQ3V0JHem9lT3ZYX2lzb0VFZ2QxOFh1YTM4c1FFeGF5QnFSOS1ZdVNEcmRCSDkyMkQ5TU1iZXlVMFlDWXRnLURNZWRqdFByNXpYSXlLLTlwOFRLNm55cE5PSXRDQ0tjN0ptdWJGUFBGa3EwWlZfYTdhSmVYQ2V0NDQ3WHAydUZkT0gwb3pkOXJ3aWxVcm5qNm4xM1otcDk5Wm0zZEHSAbMBQVVfeXFMUE9CTmdYaDJnaW1mbUNrVlppYU9PRE4zZWZLd2VDZGFFUXQtcUI0WTg3NGFoZFZHRURtaXYzTERFTmpKbmRKb2JQMmR6RUkxMzlMSHA5V1JLal9GXzYxWlQtQWxVNGpYWF9ZaHNiRUE1bXBhVmN2MlJOdDBJTVkzbTRQU1VUajAwQkVkRWVkVm9QSmM0N0dhNlFLZ0pOTVRTMDVua3lETE14TUhRVW04NjRoRU0?oc=5\" target=\"_blank\" rel=\"nofollow noopener\">Vicens. Braga teve \u201cdom\u00ednio geral no jogo\u201d<\/a>&nbsp;&nbsp;Renascen\u00e7a<\/li>\n<\/ol>\n","protected":false},"excerpt":{"rendered":"SC Braga vai jogar fora frente a equipa de Gibraltar&#8230; no Algarve&nbsp;&nbsp;zerozero.pt SC Braga: Zalazar s\u00f3 sabe bisar&hellip;\n","protected":false},"author":2,"featured_media":31891,"comment_status":"","ping_status":"","sticky":false,"template":"","format":"standard","meta":{"footnotes":""},"categories":[87],"tags":[135,526,524,13,32,33,527,525,134,523],"class_list":{"0":"post-31890","1":"post","2":"type-post","3":"status-publish","4":"format-standard","5":"has-post-thumbnail","7":"category-desporto","8":"tag-desporto","9":"tag-football","10":"tag-futebol","11":"tag-noticias","12":"tag-portugal","13":"tag-pt","14":"tag-resultados","15":"tag-soccer","16":"tag-sports","17":"tag-zerozero"},"share_on_mastodon":{"url":"","error":""},"_links":{"self":[{"href":"https:\/\/www.europesays.com\/pt\/wp-json\/wp\/v2\/posts\/31890","targetHints":{"allow":["GET"]}}],"collection":[{"href":"https:\/\/www.europesays.com\/pt\/wp-json\/wp\/v2\/posts"}],"about":[{"href":"https:\/\/www.europesays.com\/pt\/wp-json\/wp\/v2\/types\/post"}],"author":[{"embeddable":true,"href":"https:\/\/www.europesays.com\/pt\/wp-json\/wp\/v2\/users\/2"}],"replies":[{"embeddable":true,"href":"https:\/\/www.europesays.com\/pt\/wp-json\/wp\/v2\/comments?post=31890"}],"version-history":[{"count":0,"href":"https:\/\/www.europesays.com\/pt\/wp-json\/wp\/v2\/posts\/31890\/revisions"}],"wp:featuredmedia":[{"embeddable":true,"href":"https:\/\/www.europesays.com\/pt\/wp-json\/wp\/v2\/media\/31891"}],"wp:attachment":[{"href":"https:\/\/www.europesays.com\/pt\/wp-json\/wp\/v2\/media?parent=31890"}],"wp:term":[{"taxonomy":"category","embeddable":true,"href":"https:\/\/www.europesays.com\/pt\/wp-json\/wp\/v2\/categories?post=31890"},{"taxonomy":"post_tag","embeddable":true,"href":"https:\/\/www.europesays.com\/pt\/wp-json\/wp\/v2\/tags?post=31890"}],"curies":[{"name":"wp","href":"https:\/\/api.w.org\/{rel}","templated":true}]}}