{"id":31894,"date":"2025-08-16T14:03:13","date_gmt":"2025-08-16T14:03:13","guid":{"rendered":"https:\/\/www.europesays.com\/pt\/31894\/"},"modified":"2025-08-16T14:03:13","modified_gmt":"2025-08-16T14:03:13","slug":"priscilla-presley-acusada-de-acelerar-a-morte-da-filha-lisa-marie-por-interesse-financeiro","status":"publish","type":"post","link":"https:\/\/www.europesays.com\/pt\/31894\/","title":{"rendered":"Priscilla Presley acusada de acelerar a morte da filha, Lisa Marie, por interesse financeiro"},"content":{"rendered":"<p class=\"wp-caption-text top\"><a href=\"https:\/\/depositphotos.com\/editorial\/priscilla-presley-riley-keough-108885462.html\" rel=\"nofollow noopener noreferrer\" data-wpel-link=\"exclude\" target=\"_blank\">Jean Nelson  \/ Depositphotos <\/a><\/p>\n<p><img decoding=\"async\" loading=\"lazy\" class=\"size-kopa-image-size-3 wp-image-694972\" src=\"https:\/\/www.europesays.com\/pt\/wp-content\/uploads\/2025\/08\/6cb46d0a7bac1fb46d8ccea9287c17b0-783x450.jpg\" alt=\"\" width=\"700\" height=\"402\"  \/><\/p>\n<p class=\"wp-caption-text bot\">Priscilla Presley com a neta, Riley Keough, em 2016<\/p>\n<p data-start=\"84\" data-end=\"256\"><strong>Antigos parceiros de neg\u00f3cios da vi\u00fava de Elvis Presley apresentaram uma s\u00e9rie de alega\u00e7\u00f5es desagrad\u00e1veis numa a\u00e7\u00e3o judicial que interpuseram no Tribunal Superior de Los Angeles.<\/strong><\/p>\n<p data-start=\"258\" data-end=\"520\">Os ex-s\u00f3cios de <strong>Priscilla Presley<\/strong> acusam a vi\u00fava do \u00edcone do rock de ter acelerado a morte da filha, <strong>Lisa Marie,<\/strong> para garantir o seu lugar no topo do vasto imp\u00e9rio financeiro de Elvis.<\/p>\n<p data-start=\"258\" data-end=\"520\">As acusa\u00e7\u00f5es constam de uma a\u00e7\u00e3o judicial explosiva apresentada esta semana em Los Angeles, reporta a <a href=\"https:\/\/www.nbcnews.com\/news\/us-news\/priscilla-presley-accused-hastening-lisa-maries-death-financial-gain-rcna224976\" data-wpel-link=\"external\" target=\"_blank\" rel=\"nofollow external noopener noreferrer\" class=\"ext-link\">NBC News<\/a>.<\/p>\n<p data-start=\"522\" data-end=\"769\">Os queixosos, <strong>Brigitte Kruse<\/strong> e <strong>Kevin Fialko<\/strong>, acusam Priscilla Presley \u2014 ex-mulher do \u201crei do rock\u201d <strong>Elvis Presley<\/strong> \u2014 de fraude, quebra de contrato e outras infra\u00e7\u00f5es civis, num processo instaurado na segunda-feira no Tribunal Superior do Condado de Los Angeles.<\/p>\n<p data-start=\"771\" data-end=\"1070\">\u201c<strong>Elvis Presley \u00e9 o \u2018Rei do Rock and Roll\u2019<\/strong>\u201d, refere a a\u00e7\u00e3o. \u201cA arguida Priscilla Presley <strong>sempre quis ser a \u2018Rainha\u2019<\/strong>. Na verdade, apesar de cultivar uma imagem p\u00fablica de que apenas queria \u2018proteger\u2019 e \u2018manter a fam\u00edlia unida\u2019, Priscilla queria, no fundo, <strong>apenas uma coisa: poder, a qualquer custo<\/strong>\u201d.<\/p>\n<p data-start=\"1072\" data-end=\"1199\">O advogado de Priscilla Presley, <strong>Marty Singer<\/strong>, emitiu nesta quinta-feira um comunicado de duas p\u00e1ginas no qual contesta as acusa\u00e7\u00f5es. \u201cEste \u00e9, sem d\u00favida, um dos <strong>processos mais vergonhosos, rid\u00edculos, sensacionalistas<\/strong> e infundados que j\u00e1 vi na minha carreira\u201d, afirmou Singer numa declara\u00e7\u00e3o de 648 palavras.<\/p>\n<p data-start=\"1379\" data-end=\"1489\">\u201cEstas<strong> acusa\u00e7\u00f5es inventadas n\u00e3o t\u00eam qualquer fundamento<\/strong>, e estamos confiantes de que o caso ser\u00e1 arquivado.\u201d<\/p>\n<p data-start=\"1491\" data-end=\"1703\">Kruse, leiloeira especializada em vendas de objetos relacionados com Elvis, e Fialko, colecionador de memorabilia do cantor, <strong>afirmam ter colaborado<\/strong> durante anos com a arguida para <strong>rentabilizar ao m\u00e1ximo o uso do seu nome<\/strong>.<\/p>\n<p data-start=\"1705\" data-end=\"1957\">Mas, segundo alegam, em novembro de 2023, depois de conseguirem colocar Priscilla Presley novamente numa<strong> situa\u00e7\u00e3o financeira est\u00e1vel<\/strong>, a vi\u00fava do \u00edcone do rock \u201c<strong>rompeu abruptamente a rela\u00e7\u00e3o<\/strong>\u201d com ambos e recusou-lhes qualquer compensa\u00e7\u00e3o proveniente do filme Priscilla.<\/p>\n<p data-start=\"1959\" data-end=\"2033\">No in\u00edcio desse ano, <strong>Lisa Marie Presley<\/strong>, filha da arguida e \u00fanica filha do cantor, <a href=\"https:\/\/zap.aeiou.pt\/morreu-lisa-marie-presley-516884\" data-wpel-link=\"internal\" rel=\"nofollow noopener\" target=\"_blank\">morreu aos 54 anos<\/a>, poucas horas depois de ter sido hospitalizada devido a uma paragem cardiorrespirat\u00f3ria.<\/p>\n<p data-start=\"2035\" data-end=\"2239\">Lisa Marie <strong>j\u00e1 se encontrava debilitada<\/strong>, mas segundo alega o processo, a m\u00e3e insistiu para que ambas <strong>assistissem juntas \u00e0 cerim\u00f3nia dos Globos de Ouro,<\/strong> a 10 de janeiro, <strong>agarrando-se \u201caos holofotes<\/strong>\u201d.<\/p>\n<p data-start=\"2241\" data-end=\"2395\">Dias antes, <strong>Lisa Marie tinha colapsado em casa<\/strong> e, pouco depois, morreu de obstru\u00e7\u00e3o intestinal, de acordo com o relat\u00f3rio do gabinete do m\u00e9dico-legista.<\/p>\n<p data-start=\"2397\" data-end=\"2591\">\u201c<strong>Priscilla correu para o Hospital<\/strong> de West Hills e, apesar da clara instru\u00e7\u00e3o de Lisa para \u2018prolongar a sua vida\u2019, d<strong>esligou-lhe o suporte de vida<\/strong> poucas horas ap\u00f3s a sua admiss\u00e3o\u201d, afirma a a\u00e7\u00e3o.<\/p>\n<p data-start=\"2593\" data-end=\"3076\">Os queixosos alegam que \u201cPriscilla sabia que <strong>a morte de Lisa neutralizava<\/strong> a amea\u00e7a representada pelos <strong>esfor\u00e7os desta para a remover do cargo<\/strong> de \u00fanica administradora do seu seguro de vida irrevog\u00e1vel, e que o objetivo final de Priscilla era <strong>controlar o Promenade Trust e Graceland<\/strong>.<\/p>\n<p data-start=\"2593\" data-end=\"3076\"><strong>Na semana seguinte, antes do funeral de Lisa<\/strong>, em sua casa, Priscilla ter\u00e1 exclamado: \u2018<strong>Sou a rainha, estou no comando de Graceland<\/strong>\u2019. Kruse e Fialko ficaram profundamente perturbados com este comportamento.\u201d<\/p>\n<p data-start=\"3078\" data-end=\"3183\">O advogado de Priscilla Presley declarou que <strong>Riley Keough<\/strong>, neta da sua cliente e filha de Lisa Marie. \u201c<strong>apoia a av\u00f3 a 100%<\/strong>\u201d. Keough \u201cest\u00e1 igualmente indignada com esta mais recente e <strong>maliciosa tentativa de Kruse de destruir a vida da av\u00f3<\/strong>\u201d, disse Singer.<\/p>\n<p data-start=\"3460\" data-end=\"3586\">Elvis e Priscilla Presley <strong>estiveram casados seis anos<\/strong> antes de se divorciarem, em 1973, quatro anos antes da morte de Elvis. Priscilla Presley tem atualmente 80 anos, e Elvis tinha 42 quando morreu, a 16 de agosto de 1977, em Graceland.<\/p>\n<p>    <a href=\"https:\/\/zap.aeiou.pt\/subscrever-newsletter\" data-wpel-link=\"internal\" rel=\"nofollow noopener\" target=\"_blank\">&#13;<br \/>\n        <img loading=\"lazy\" decoding=\"async\" class=\"aligncenter size-full wp-image-575475\" src=\"https:\/\/www.europesays.com\/pt\/wp-content\/uploads\/2025\/08\/1754948982_360_2d51fe4a0ba54894421ead1809309ed9-1-450x140.jpg\" alt=\"Subscreva a Newsletter ZAP\" width=\"450\" height=\"140\"\/>&#13;<br \/>\n    <\/a><\/p>\n<p>                <a href=\"https:\/\/whatsapp.com\/channel\/0029VaIC4EE2f3EJZPPSbR34\" data-wpel-link=\"external\" target=\"_blank\" rel=\"nofollow external noopener noreferrer\" class=\"ext-link\">&#13;<br \/>\n                    <img loading=\"lazy\" decoding=\"async\" class=\"aligncenter size-full wp-image-575475\" src=\"https:\/\/www.europesays.com\/pt\/wp-content\/uploads\/2025\/08\/1754948983_518_c68c559d956d4ca20f435ed74a6e71e6.png\" alt=\"Siga-nos no WhatsApp\" width=\"175\" height=\"64\"\/>&#13;<br \/>\n                <\/a><\/p>\n<p>                <a href=\"https:\/\/news.google.com\/publications\/CAAiEHRwZondIV71PDjWNoqMduEqFAgKIhB0cGaJ3SFe9Tw41jaKjHbh?hl=en-US&amp;gl=US&amp;ceid=US%3Aen\" data-wpel-link=\"external\" target=\"_blank\" rel=\"nofollow external noopener noreferrer\" class=\"ext-link\">&#13;<br \/>\n                    <img loading=\"lazy\" decoding=\"async\" class=\"aligncenter size-full wp-image-575475\" src=\"https:\/\/www.europesays.com\/pt\/wp-content\/uploads\/2025\/08\/1754948984_325_5123dd8b087b644fdb8f8603acd1bad4.png\" alt=\"Siga-nos no Google News\" width=\"176\" height=\"64\"\/>&#13;<br \/>\n                <\/a><\/p>\n","protected":false},"excerpt":{"rendered":"Jean Nelson \/ Depositphotos Priscilla Presley com a neta, Riley Keough, em 2016 Antigos parceiros de neg\u00f3cios da&hellip;\n","protected":false},"author":2,"featured_media":31895,"comment_status":"","ping_status":"","sticky":false,"template":"","format":"standard","meta":{"footnotes":""},"categories":[85],"tags":[211,604,114,115,413,603,150,32,33],"class_list":{"0":"post-31894","1":"post","2":"type-post","3":"status-publish","4":"format-standard","5":"has-post-thumbnail","7":"category-entretenimento","8":"tag-celebridades","9":"tag-crime","10":"tag-entertainment","11":"tag-entretenimento","12":"tag-eua","13":"tag-justica","14":"tag-musica","15":"tag-portugal","16":"tag-pt"},"share_on_mastodon":{"url":"","error":""},"_links":{"self":[{"href":"https:\/\/www.europesays.com\/pt\/wp-json\/wp\/v2\/posts\/31894","targetHints":{"allow":["GET"]}}],"collection":[{"href":"https:\/\/www.europesays.com\/pt\/wp-json\/wp\/v2\/posts"}],"about":[{"href":"https:\/\/www.europesays.com\/pt\/wp-json\/wp\/v2\/types\/post"}],"author":[{"embeddable":true,"href":"https:\/\/www.europesays.com\/pt\/wp-json\/wp\/v2\/users\/2"}],"replies":[{"embeddable":true,"href":"https:\/\/www.europesays.com\/pt\/wp-json\/wp\/v2\/comments?post=31894"}],"version-history":[{"count":0,"href":"https:\/\/www.europesays.com\/pt\/wp-json\/wp\/v2\/posts\/31894\/revisions"}],"wp:featuredmedia":[{"embeddable":true,"href":"https:\/\/www.europesays.com\/pt\/wp-json\/wp\/v2\/media\/31895"}],"wp:attachment":[{"href":"https:\/\/www.europesays.com\/pt\/wp-json\/wp\/v2\/media?parent=31894"}],"wp:term":[{"taxonomy":"category","embeddable":true,"href":"https:\/\/www.europesays.com\/pt\/wp-json\/wp\/v2\/categories?post=31894"},{"taxonomy":"post_tag","embeddable":true,"href":"https:\/\/www.europesays.com\/pt\/wp-json\/wp\/v2\/tags?post=31894"}],"curies":[{"name":"wp","href":"https:\/\/api.w.org\/{rel}","templated":true}]}}