{"id":31900,"date":"2025-08-16T14:07:08","date_gmt":"2025-08-16T14:07:08","guid":{"rendered":"https:\/\/www.europesays.com\/pt\/31900\/"},"modified":"2025-08-16T14:07:08","modified_gmt":"2025-08-16T14:07:08","slug":"3-500-operacionais-combatem-sete-grandes-fogos","status":"publish","type":"post","link":"https:\/\/www.europesays.com\/pt\/31900\/","title":{"rendered":"3.500 Operacionais Combatem Sete Grandes Fogos"},"content":{"rendered":"<p>O inc\u00eandio do Pi\u00f3d\u00e3o, em Arganil, no distrito de Coimbra, que deflagrou na quarta-feira, em consequ\u00eancia de uma descarga el\u00e9trica de uma trovoada seca, mobilizava 989 operacionais e 335 meios terrestres, seguido do de Vila Boa, S\u00e1t\u00e3o, na regi\u00e3o de Viseu, D\u00e3o e Laf\u00f5es, que teve in\u00edcio tamb\u00e9m na quarta-feira, e que empenhava 959 operacionais e 316 ve\u00edculos.<\/p>\n<p>As chamas em Frexes, Trancoso, na regi\u00e3o das Beiras e Serra da Estrela, que eclodiram em 09 de agosto, eram combatidas por 445 operacionais e 147 meios terrestres, enquanto o inc\u00eandio que lavrava em povoamento florestal em Candal, na Lous\u00e3, no distrito de Coimbra, desde quinta-feira, mobilizava 330 operacionais e 108 meios terrestres.<\/p>\n<p>O inc\u00eandio em Poiares, Freixo de Espada \u00e0 Cinta, na regi\u00e3o do Douro, com in\u00edcio na sexta-feira, empenhava 287 operacionais e 94 meios terrestres, ao passo que o fogo em P\u00eara do Mo\u00e7o, na Guarda, iniciado no mesmo dia, envolvia 235 operacionais e 85 ve\u00edculos.<\/p>\n<p>J\u00e1 as chamas que consumiam mato em Aldeia de Sabugal, no Sabugal, distrito da Guarda, iniciadas na tarde de sexta-feira eram combatidas por 129 operacionais e 38 meios terrestres.<\/p>\n<p>* Lusa<\/p>\n","protected":false},"excerpt":{"rendered":"O inc\u00eandio do Pi\u00f3d\u00e3o, em Arganil, no distrito de Coimbra, que deflagrou na quarta-feira, em consequ\u00eancia de uma&hellip;\n","protected":false},"author":2,"featured_media":31901,"comment_status":"","ping_status":"","sticky":false,"template":"","format":"standard","meta":{"footnotes":"","_share_on_mastodon":"0"},"categories":[10],"tags":[10355,27,28,15,16,3525,14,2830,25,26,21,22,12,13,19,20,32,23,24,33,17,18,29,30,31],"class_list":["post-31900","post","type-post","status-publish","format-standard","has-post-thumbnail","category-portugal","tag-bombeiros-mortes","tag-breaking-news","tag-breakingnews","tag-featured-news","tag-featurednews","tag-fogos","tag-headlines","tag-incendios","tag-latest-news","tag-latestnews","tag-main-news","tag-mainnews","tag-news","tag-noticias","tag-noticias-principais","tag-noticiasprincipais","tag-portugal","tag-principais-noticias","tag-principaisnoticias","tag-pt","tag-top-stories","tag-topstories","tag-ultimas","tag-ultimas-noticias","tag-ultimasnoticias"],"share_on_mastodon":{"url":"","error":""},"_links":{"self":[{"href":"https:\/\/www.europesays.com\/pt\/wp-json\/wp\/v2\/posts\/31900","targetHints":{"allow":["GET"]}}],"collection":[{"href":"https:\/\/www.europesays.com\/pt\/wp-json\/wp\/v2\/posts"}],"about":[{"href":"https:\/\/www.europesays.com\/pt\/wp-json\/wp\/v2\/types\/post"}],"author":[{"embeddable":true,"href":"https:\/\/www.europesays.com\/pt\/wp-json\/wp\/v2\/users\/2"}],"replies":[{"embeddable":true,"href":"https:\/\/www.europesays.com\/pt\/wp-json\/wp\/v2\/comments?post=31900"}],"version-history":[{"count":0,"href":"https:\/\/www.europesays.com\/pt\/wp-json\/wp\/v2\/posts\/31900\/revisions"}],"wp:featuredmedia":[{"embeddable":true,"href":"https:\/\/www.europesays.com\/pt\/wp-json\/wp\/v2\/media\/31901"}],"wp:attachment":[{"href":"https:\/\/www.europesays.com\/pt\/wp-json\/wp\/v2\/media?parent=31900"}],"wp:term":[{"taxonomy":"category","embeddable":true,"href":"https:\/\/www.europesays.com\/pt\/wp-json\/wp\/v2\/categories?post=31900"},{"taxonomy":"post_tag","embeddable":true,"href":"https:\/\/www.europesays.com\/pt\/wp-json\/wp\/v2\/tags?post=31900"}],"curies":[{"name":"wp","href":"https:\/\/api.w.org\/{rel}","templated":true}]}}